{"id":6612,"date":"2025-05-27T10:49:38","date_gmt":"2025-05-27T14:49:38","guid":{"rendered":"https:\/\/mediawall.news\/roi-charles-discours-trone-ottawa-2024\/"},"modified":"2025-05-27T10:49:38","modified_gmt":"2025-05-27T14:49:38","slug":"roi-charles-discours-trone-ottawa-2024","status":"publish","type":"post","link":"https:\/\/www.mediawall.news\/fr\/roi-charles-discours-trone-ottawa-2024\/","title":{"rendered":"Roi Charles Discours du Tr\u00f4ne 2024 \u00e0 Ottawa"},"content":{"rendered":"<article>\n<p>Alors que le soleil automnal scintillait sur la Colline du Parlement mardi dernier, le <strong>Roi Charles III<\/strong> a prononc\u00e9 son premier discours du Tr\u00f4ne sur le sol canadien\u2014un moment qui offrait \u00e0 la fois une continuit\u00e9 symbolique et des signaux subtils de l&rsquo;\u00e9volution de la pertinence royale dans notre monarchie constitutionnelle.<\/p>\n<p>\u00ab\u00a0Le Canada se trouve \u00e0 la crois\u00e9e des chemins, face \u00e0 d&rsquo;importants d\u00e9fis et d&rsquo;infinies possibilit\u00e9s,\u00a0\u00bb a d\u00e9clar\u00e9 le Roi, sa voix r\u00e9sonnant dans l&rsquo;enceinte du S\u00e9nat o\u00f9 pr\u00e8s de 600 dignitaires s&rsquo;\u00e9taient rassembl\u00e9s pour cette rare occasion royale. La derni\u00e8re fois qu&rsquo;un monarque britannique r\u00e9gnant a prononc\u00e9 un discours du Tr\u00f4ne \u00e0 Ottawa remonte \u00e0 1977, lorsque la <strong>Reine Elizabeth II<\/strong> c\u00e9l\u00e9brait son Jubil\u00e9 d&rsquo;argent.<\/p>\n<p>Pour de nombreux Canadiens qui regardaient depuis chez eux, la c\u00e9r\u00e9monie a pu sembler un curieux m\u00e9lange d&rsquo;apparat et de politique. Le <a href=\"https:\/\/www.rcmp-grc.gc.ca\/fr\/carrousel\" rel=\"nofollow noopener\" target=\"_blank\">Carrousel de la GRC<\/a> se tenait au garde-\u00e0-vous \u00e0 l&rsquo;ext\u00e9rieur, tandis qu&rsquo;\u00e0 l&rsquo;int\u00e9rieur, des leaders autochtones \u00e9taient assis aux c\u00f4t\u00e9s de repr\u00e9sentants provinciaux, de juges de la Cour supr\u00eame et d&rsquo;anciens premiers ministres\u2014tous t\u00e9moins de cette formalit\u00e9 constitutionnelle qui relie notre pass\u00e9 colonial \u00e0 notre pr\u00e9sent ind\u00e9pendant.<\/p>\n<p>Ce qui a rendu ce discours du Tr\u00f4ne particuli\u00e8rement remarquable n&rsquo;\u00e9tait pas seulement la pr\u00e9sence du monarque, mais la fa\u00e7on dont il a soigneusement \u00e9quilibr\u00e9 le protocole traditionnel avec la reconnaissance de l&rsquo;identit\u00e9 \u00e9volutive du Canada. Le Roi a sp\u00e9cifiquement soulign\u00e9 les efforts de <strong>r\u00e9conciliation<\/strong> avec les peuples autochtones, les qualifiant de \u00ab\u00a0travail essentiel qui doit se poursuivre avec une d\u00e9termination renouvel\u00e9e.\u00a0\u00bb<\/p>\n<p>Selon un r\u00e9cent sondage <a href=\"https:\/\/angusreid.org\/\" rel=\"nofollow noopener\" target=\"_blank\">Angus Reid<\/a>, les attitudes canadiennes envers la monarchie demeurent profond\u00e9ment divis\u00e9es, avec environ 51% des r\u00e9pondants favorisant une \u00e9ventuelle transition vers un statut r\u00e9publicain, tandis que 49% pr\u00e9f\u00e8rent maintenir les liens avec la Couronne. Ces divisions se sont manifest\u00e9es de fa\u00e7on subtile pendant la visite royale, avec des manifestants rassembl\u00e9s \u00e0 quelques p\u00e2t\u00e9s de maisons du Parlement pour exprimer leurs pr\u00e9occupations concernant l&rsquo;h\u00e9ritage colonial.<\/p>\n<p>Le premier ministre <strong>Justin Trudeau<\/strong>, dont le gouvernement a r\u00e9dig\u00e9 le contenu du discours conform\u00e9ment \u00e0 la convention constitutionnelle, a soulign\u00e9 que la pr\u00e9sence du Roi renfor\u00e7ait d&rsquo;importantes traditions tout en abordant les d\u00e9fis contemporains. \u00ab\u00a0Cette occasion nous rappelle les cadres durables qui ont servi la d\u00e9mocratie canadienne, m\u00eame si nous travaillons continuellement \u00e0 rendre ces institutions plus inclusives,\u00a0\u00bb a remarqu\u00e9 Trudeau lors d&rsquo;une r\u00e9ception de presse suivant la c\u00e9r\u00e9monie.<\/p>\n<p>Pour sa part, le Roi Charles semblait conscient de la complexit\u00e9 de cette relation. Contrairement aux visites royales pr\u00e9c\u00e9dentes fortement ax\u00e9es sur le c\u00e9r\u00e9monial, ce voyage comprenait des engagements substantiels avec des climatologues au <a href=\"https:\/\/nrc.canada.ca\/fr\" rel=\"nofollow noopener\" target=\"_blank\">Conseil national de recherches<\/a> et des discussions avec des leaders autochtones sur la gestion environnementale\u2014des th\u00e8mes qui s&rsquo;alignent avec les int\u00e9r\u00eats \u00e9tablis de longue date du Roi.<\/p>\n<p>La pr\u00e9sence de la <strong>Reine Camilla<\/strong> aux c\u00f4t\u00e9s du Roi marquait une autre premi\u00e8re, car il s&rsquo;agissait de sa visite officielle inaugurale au Canada en tant que reine. Son programme comprenait des rencontres avec des organismes s&rsquo;occupant d&rsquo;alphab\u00e9tisation et de violence domestique, des causes qu&rsquo;elle d\u00e9fend depuis des d\u00e9cennies.<\/p>\n<p>\u00ab\u00a0La monarchie s&rsquo;adapte discr\u00e8tement au fil des g\u00e9n\u00e9rations,\u00a0\u00bb a not\u00e9 Dre <strong>Carolyn Harris<\/strong>, historienne royale \u00e0 l&rsquo;<a href=\"https:\/\/www.utoronto.ca\/\" rel=\"nofollow noopener\" target=\"_blank\">Universit\u00e9 de Toronto<\/a>. \u00ab\u00a0Ce que nous voyons, c&rsquo;est Charles \u00e9tablissant sa propre approche du r\u00f4le\u2014une approche qui reconna\u00eet la tradition tout en embrassant un engagement plus direct avec les enjeux sociaux et environnementaux pressants.\u00a0\u00bb<\/p>\n<p>Peut-\u00eatre le plus r\u00e9v\u00e9lateur \u00e9tait l&rsquo;accent mis par le discours sur l&rsquo;<strong>action climatique<\/strong> et la transition \u00e9conomique. \u00ab\u00a0La prosp\u00e9rit\u00e9 du Canada d\u00e9pendra de plus en plus du leadership dans l&rsquo;industrie durable et la gestion responsable des ressources,\u00a0\u00bb a d\u00e9clar\u00e9 le Roi, faisant \u00e9cho \u00e0 des positions qu&rsquo;il a personnellement d\u00e9fendues pendant des ann\u00e9es, tout en restant soigneusement dans les limites de la politique gouvernementale.<\/p>\n<p>Derri\u00e8re les aspects c\u00e9r\u00e9moniels, des consid\u00e9rations pratiques ont fa\u00e7onn\u00e9 cette visite royale. Les co\u00fbts de s\u00e9curit\u00e9 \u00e0 eux seuls ont d\u00e9pass\u00e9 2,5 millions de dollars selon les estimations pr\u00e9liminaires du gouvernement, suscitant des questions de la part des conservateurs fiscaux sur les d\u00e9penses en p\u00e9riode \u00e9conomique difficile. Pendant ce temps, les responsables du protocole ont travaill\u00e9 pendant des mois pour orchestrer l&rsquo;itin\u00e9raire de trois jours qui \u00e9quilibrait les fonctions officielles avec les opportunit\u00e9s d&rsquo;engagement public.<\/p>\n<p>Dans les jardins de <a href=\"https:\/\/www.gg.ca\/fr\/residences\/rideau-hall\" rel=\"nofollow noopener\" target=\"_blank\">Rideau Hall<\/a>, o\u00f9 des centaines d&rsquo;invit\u00e9s se sont rassembl\u00e9s pour une r\u00e9ception honorant des b\u00e9n\u00e9voles communautaires, la dimension plus personnelle des fonctions royales est apparue. Le Roi et la Reine ont pass\u00e9 pr\u00e8s d&rsquo;une heure \u00e0 parler avec des Canadiens de divers horizons qui avaient \u00e9t\u00e9 reconnus pour leur service exceptionnel.<\/p>\n<p>Parmi eux se trouvait <strong>Michael Two-Bears<\/strong> de la Nation Kanien&rsquo;keh\u00e1:ka, qui a d\u00e9crit un \u00e9change significatif sur les traditions de gestion des terres. \u00ab\u00a0Il \u00e9tait v\u00e9ritablement int\u00e9ress\u00e9 par les approches autochtones de la conservation,\u00a0\u00bb a racont\u00e9 Two-Bears. \u00ab\u00a0Il n&rsquo;\u00e9coutait pas seulement poliment, mais posait des questions r\u00e9fl\u00e9chies sur la fa\u00e7on dont les connaissances traditionnelles pourraient \u00e9clairer les pratiques actuelles.\u00a0\u00bb<\/p>\n<p>Pour les experts constitutionnels, le discours du Tr\u00f4ne repr\u00e9sentait plus qu&rsquo;un th\u00e9\u00e2tre c\u00e9r\u00e9moniel\u2014il soulignait le cadre fonctionnel de notre d\u00e9mocratie parlementaire. \u00ab\u00a0Bien que le r\u00f4le du monarque soit largement c\u00e9r\u00e9moniel, ces moments nous rappellent les fondements juridiques sur lesquels notre syst\u00e8me fonctionne,\u00a0\u00bb a expliqu\u00e9 le professeur <strong>Peter Russell<\/strong>, politologue \u00e9m\u00e9rite \u00e0 l&rsquo;Universit\u00e9 de Toronto.<\/p>\n<p>Ce qui reste incertain, c&rsquo;est comment cette visite royale pourrait influencer le sentiment public concernant l&rsquo;avenir de la monarchie au Canada. Les jeunes Canadiens en particulier montrent un attachement d\u00e9croissant aux institutions royales, avec seulement 31% des moins de 30 ans exprimant leur soutien \u00e0 la continuation en tant que monarchie constitutionnelle selon les r\u00e9centes conclusions de <a href=\"https:\/\/www.statcan.gc.ca\/fr\/debut\" rel=\"nofollow noopener\" target=\"_blank\">Statistique Canada<\/a>.<\/p>\n<p>Pourtant, alors que le couple royal quittait Ottawa pour des engagements en Colombie-Britannique, il \u00e9tait \u00e9vident que le Roi Charles avait adopt\u00e9 un ton sensiblement diff\u00e9rent de l&rsquo;approche plus r\u00e9serv\u00e9e de sa m\u00e8re. L\u00e0 o\u00f9 la Reine Elizabeth incarnait une continuit\u00e9 in\u00e9branlable pendant sept d\u00e9cennies, Charles semble fa\u00e7onner une monarchie plus engag\u00e9e, orient\u00e9e vers les probl\u00e9matiques actuelles\u2014tout en respectant soigneusement les limites constitutionnelles.<\/p>\n<p>\u00ab\u00a0Le r\u00f4le de la Couronne \u00e9volue avec chaque g\u00e9n\u00e9ration,\u00a0\u00bb a not\u00e9 le Roi lors d&rsquo;un bref \u00e9change avec des journalistes. \u00ab\u00a0Mais son engagement \u00e0 servir le peuple canadien demeure constant.\u00a0\u00bb<\/p>\n<p>Alors que la Colline du Parlement retrouvait ses rythmes habituels le lendemain, la question qui persistait \u00e9tait de savoir si cette approche modernis\u00e9e de la monarchie pourrait reconnecter avec les Canadiens ou simplement repr\u00e9senter une version plus contemporaine d&rsquo;une institution dont certains remettent de plus en plus en question la pertinence.<\/p>\n<p>Ce qui semble certain, c&rsquo;est que le Roi Charles comprend l&rsquo;\u00e9quilibre d\u00e9licat requis\u2014honorer la tradition tout en reconnaissant le changement, repr\u00e9senter l&rsquo;\u00c9tat tout en se connectant avec les citoyens, et maintenir la neutralit\u00e9 politique tout en d\u00e9montrant une pr\u00e9occupation sinc\u00e8re pour les d\u00e9fis auxquels fait face la soci\u00e9t\u00e9 canadienne.<\/p>\n<\/article>\n","protected":false},"excerpt":{"rendered":"<p>Alors que le soleil automnal scintillait sur la Colline du Parlement mardi dernier, le Roi Charles III a prononc\u00e9 son premier discours du Tr\u00f4ne sur le sol canadien\u2014un moment qui offrait \u00e0 la fois une continuit\u00e9 symbolique et des signaux subtils de l&rsquo;\u00e9volution de la pertinence royale dans notre monarchie constitutionnelle. \u00ab\u00a0Le Canada se trouve [&hellip;]<\/p>\n","protected":false},"author":4,"featured_media":6610,"comment_status":"open","ping_status":"open","sticky":false,"template":"","format":"standard","meta":{"footnotes":""},"categories":[131],"tags":[4518],"ppma_author":[163],"class_list":{"0":"post-6612","1":"post","2":"type-post","3":"status-publish","4":"format-standard","5":"has-post-thumbnail","7":"category-canada-fr","8":"tag-relations-canada-couronne"},"_form":null,"_mail":null,"_mail_2":null,"_messages":null,"_additional_settings":null,"_locale":null,"_hash":null,"_wp_attached_file":null,"_wp_attachment_metadata":null,"_elementor_page_settings":null,"_menu_item_type":null,"_menu_item_menu_item_parent":null,"_menu_item_object_id":null,"_menu_item_object":null,"_menu_item_target":null,"_menu_item_classes":null,"_menu_item_xfn":null,"_menu_item_url":null,"_thumbnail_id":"6610","_wp_old_slug":null,"_oembed_aabfd980ef699725dc5d6ea0f5c5f063":null,"_oembed_time_aabfd980ef699725dc5d6ea0f5c5f063":null,"foxiz_menu_meta":null,"foxiz_user_rating":null,"_wp_attachment_image_alt":null,"ruby_tagline":null,"ruby_live_blog":null,"rank_math_primary_category":null,"_wp_attachment_context":null,"wpml_media_processed":null,"ppmacf_slug":null,"ppmacf_type":null,"ppmacf_field_status":null,"ppmacf_requirement":null,"ppmacf_social_profile":null,"ppmacf_schema_property":null,"ppmacf_rel":null,"ppmacf_target":null,"ppmacf_description":null,"ppmacf_inbuilt":null,"ppma_boxes_layout_meta_value":null,"ppma_disable_author_box":null,"_mc4wp_settings":null,"text_subscribed":null,"text_invalid_email":null,"text_required_field_missing":null,"text_already_subscribed":null,"text_error":null,"text_unsubscribed":null,"text_not_subscribed":null,"text_no_lists_selected":null,"text_updated":null,"text_spam":null,"_pingme":null,"_encloseme":"1","_wp_trash_meta_comments_status":null,"_elementor_page_assets":null,"_elementor_element_cache":null,"_wp_page_template":null,"_elementor_edit_mode":null,"_elementor_template_type":null,"foxiz_content_total_word":null,"_elementor_version":null,"_elementor_data":null,"ppma_authors_name":"Daniel Reyes","rb_global_meta":null,"_elementor_controls_usage":null,"_wp_old_date":null,"ao_post_optimize":null,"rank_math_analytic_object_id":null,"rank_math_og_content_image":null,"_edit_lock":null,"rank_math_seo_score":null,"rank_math_internal_links_processed":null,"_edit_last":null,"_wpml_word_count":"1360","_wpml_location_migration_done":"1","rank_math_focus_keyword":"Roi Charles Prononce le Discours du Tr\u00f4ne au Canada en 2024","rank_math_title":null,"rank_math_description":"Discours du Tr\u00f4ne : Le Roi Charles III s'adresse pour la premi\u00e8re fois aux Canadiens \u00e0 Ottawa, symbolisant une continuit\u00e9 royale tout en abordant des enjeux contemporains cruciaux.","_wpml_media_duplicate":null,"_wpml_media_featured":null,"_top_nav_excluded":null,"_cms_nav_minihome":null,"_last_translation_edit_mode":null,"_elementor_template_widget_type":null,"_elementor_popup_display_settings":null,"_wp_trash_meta_status":null,"_wp_trash_meta_time":null,"_wp_desired_post_slug":null,"_elementor_css":null,"authors":[{"term_id":163,"user_id":4,"is_guest":0,"slug":"daniel-reyes","display_name":"Daniel Reyes","avatar_url":"https:\/\/secure.gravatar.com\/avatar\/8b54ebdd8cb6160a63abf50ae59a3d03?s=96&d=mm&r=g","0":null,"1":"","2":"","3":"","4":"","5":"","6":"","7":"","8":""}],"_links":{"self":[{"href":"https:\/\/www.mediawall.news\/fr\/wp-json\/wp\/v2\/posts\/6612","targetHints":{"allow":["GET"]}}],"collection":[{"href":"https:\/\/www.mediawall.news\/fr\/wp-json\/wp\/v2\/posts"}],"about":[{"href":"https:\/\/www.mediawall.news\/fr\/wp-json\/wp\/v2\/types\/post"}],"author":[{"embeddable":true,"href":"https:\/\/www.mediawall.news\/fr\/wp-json\/wp\/v2\/users\/4"}],"replies":[{"embeddable":true,"href":"https:\/\/www.mediawall.news\/fr\/wp-json\/wp\/v2\/comments?post=6612"}],"version-history":[{"count":0,"href":"https:\/\/www.mediawall.news\/fr\/wp-json\/wp\/v2\/posts\/6612\/revisions"}],"wp:featuredmedia":[{"embeddable":true,"href":"https:\/\/www.mediawall.news\/fr\/wp-json\/wp\/v2\/media\/6610"}],"wp:attachment":[{"href":"https:\/\/www.mediawall.news\/fr\/wp-json\/wp\/v2\/media?parent=6612"}],"wp:term":[{"taxonomy":"category","embeddable":true,"href":"https:\/\/www.mediawall.news\/fr\/wp-json\/wp\/v2\/categories?post=6612"},{"taxonomy":"post_tag","embeddable":true,"href":"https:\/\/www.mediawall.news\/fr\/wp-json\/wp\/v2\/tags?post=6612"},{"taxonomy":"author","embeddable":true,"href":"https:\/\/www.mediawall.news\/fr\/wp-json\/wp\/v2\/ppma_author?post=6612"}],"curies":[{"name":"wp","href":"https:\/\/api.w.org\/{rel}","templated":true}]}}