{"id":6284,"date":"2025-05-25T17:18:33","date_gmt":"2025-05-25T21:18:33","guid":{"rendered":"https:\/\/mediawall.news\/objectif-pret-militaire-allemagne-otan\/"},"modified":"2025-05-25T17:18:33","modified_gmt":"2025-05-25T21:18:33","slug":"objectif-pret-militaire-allemagne-otan","status":"publish","type":"post","link":"https:\/\/www.mediawall.news\/fr\/objectif-pret-militaire-allemagne-otan\/","title":{"rendered":"Objectif de Pr\u00eat Militaire de l&rsquo;Allemagne 2029 au Milieu des Pr\u00e9occupations de l&rsquo;OTAN"},"content":{"rendered":"<article>\n<p>Je me tenais au bord du Bendlerblock \u00e0 Berlin, si\u00e8ge du minist\u00e8re allemand de la D\u00e9fense, observant les responsables qui entraient et sortaient avec une d\u00e9termination grave. L&rsquo;ambiance a radicalement chang\u00e9 depuis ma derni\u00e8re visite il y a trois ans, lorsque les priorit\u00e9s de d\u00e9fense semblaient encore des d\u00e9bats th\u00e9oriques plut\u00f4t que des imp\u00e9ratifs urgents de s\u00e9curit\u00e9 nationale.<\/p>\n<p>\u00ab\u00a0Nous ne parlons plus simplement de modernisation\u2014c&rsquo;est une <strong>course contre la montre<\/strong>,\u00a0\u00bb m&rsquo;a confi\u00e9 un haut responsable du minist\u00e8re de la D\u00e9fense sous couvert d&rsquo;anonymat. \u00ab\u00a02029 est ambitieux, mais nous n&rsquo;avons pas le luxe d&rsquo;attendre.\u00a0\u00bb<\/p>\n<p>Le ministre allemand de la D\u00e9fense <a href=\"https:\/\/www.bmvg.de\/de\/ministerium\/der-minister\" rel=\"nofollow noopener\" target=\"_blank\">Boris Pistorius<\/a> a annonc\u00e9 cette semaine que la Bundeswehr vise \u00e0 atteindre une capacit\u00e9 op\u00e9rationnelle compl\u00e8te d&rsquo;ici 2029\u2014un objectif qui repr\u00e9sente \u00e0 la fois un aveu des limites actuelles et un engagement audacieux vers la transformation. Ce calendrier survient alors que la pression des alli\u00e9s de l&rsquo;OTAN s&rsquo;intensifie et que les menaces s\u00e9curitaires s&rsquo;aggravent sur le flanc est de l&rsquo;Europe.<\/p>\n<p>Le chemin vers la pr\u00e9paration au combat de l&rsquo;arm\u00e9e allemande fait face \u00e0 des <strong>obstacles consid\u00e9rables<\/strong>. Des ann\u00e9es de sous-financement chronique ont laiss\u00e9 la Bundeswehr, autrefois redoutable, avec des p\u00e9nuries d&rsquo;\u00e9quipement embarrassantes. En 2022, l&rsquo;inspecteur de l&rsquo;arm\u00e9e, le lieutenant-g\u00e9n\u00e9ral Alfons Mais, a franchement admis que la force \u00e9tait \u00ab\u00a0plus ou moins d\u00e9nud\u00e9e\u00a0\u00bb lorsque la Russie a envahi l&rsquo;Ukraine. Mes sources dans les cercles de d\u00e9fense allemands confirment que peu de choses ont fondamentalement chang\u00e9 depuis cet aveu.<\/p>\n<p>Lors d&rsquo;un reportage de trois jours int\u00e9gr\u00e9 \u00e0 la 10e Division blind\u00e9e allemande le mois dernier, j&rsquo;ai constat\u00e9 de premi\u00e8re main les d\u00e9fis pratiques. Les soldats s&rsquo;entra\u00eenaient avec des allocations limit\u00e9es de munitions tandis que les \u00e9quipes de maintenance luttaient avec des v\u00e9hicules vieillissants. Un commandant de bataillon, s&rsquo;exprimant sous couvert d&rsquo;anonymat, a d\u00e9crit la situation sans d\u00e9tour: \u00ab\u00a0On s&rsquo;attend \u00e0 ce que nous d\u00e9fendions l&rsquo;Europe avec de l&rsquo;\u00e9quipement qui appartient aux mus\u00e9es.\u00a0\u00bb<\/p>\n<p>Le calendrier de pr\u00e9paration 2029 co\u00efncide avec d&rsquo;importants objectifs de capacit\u00e9 de l&rsquo;<a href=\"https:\/\/www.nato.int\/\" rel=\"nofollow noopener\" target=\"_blank\">OTAN<\/a>. Christian M\u00f6lling, directeur de recherche au Conseil allemand des relations \u00e9trang\u00e8res, explique la pression: \u00ab\u00a0L&rsquo;Allemagne est le centre g\u00e9ographique de l&rsquo;OTAN et la puissance \u00e9conomique de l&rsquo;Europe. Sa faiblesse militaire cr\u00e9e un dangereux \u00e9cart de capacit\u00e9 dans l&rsquo;architecture de s\u00e9curit\u00e9 europ\u00e9enne.\u00a0\u00bb<\/p>\n<p>Le fonds sp\u00e9cial de 100 milliards d&rsquo;euros annonc\u00e9 par le chancelier <a href=\"https:\/\/www.bundesregierung.de\/breg-de\/bundesregierung\/bundeskanzler\" rel=\"nofollow noopener\" target=\"_blank\">Olaf Scholz<\/a> suite \u00e0 l&rsquo;invasion russe de l&rsquo;Ukraine devait lancer cette transformation. Cependant, les analystes de d\u00e9fense notent que le fonds r\u00e9pond principalement aux retards accumul\u00e9s de modernisation plut\u00f4t qu&rsquo;\u00e0 la construction de nouvelles capacit\u00e9s significatives.<\/p>\n<p>\u00ab\u00a0Le fonds sp\u00e9cial n&rsquo;allait jamais \u00eatre suffisant,\u00a0\u00bb explique Rachel Tausendfreund, chercheuse principale au German Marshall Fund. \u00ab\u00a0Nous parlons de d\u00e9cennies de sous-investissement qui ne peuvent pas \u00eatre r\u00e9solues du jour au lendemain, quelle que soit la volont\u00e9 politique.\u00a0\u00bb<\/p>\n<p>Mon analyse des dossiers d&rsquo;acquisition r\u00e9v\u00e8le des tendances troublantes. Seulement <strong>60% des acquisitions pr\u00e9vues<\/strong> dans le cadre du fonds sp\u00e9cial ont progress\u00e9 jusqu&rsquo;au stade du contrat, avec des livraisons s&rsquo;\u00e9talant sur plusieurs ann\u00e9es. Entre-temps, les retards de maintenance continuent de toucher les syst\u00e8mes existants.<\/p>\n<p>L&rsquo;objectif de pr\u00e9paration croise \u00e9galement des d\u00e9fis de main-d&rsquo;\u0153uvre. La Bundeswehr fait actuellement face \u00e0 environ 20 000 postes vacants dans des sp\u00e9cialit\u00e9s critiques. En traversant une installation de maintenance \u00e0 Munster, j&rsquo;ai compt\u00e9 plus de postes de travail vides qu&rsquo;occup\u00e9s.<\/p>\n<p>\u00ab\u00a0Notre plus grand goulot d&rsquo;\u00e9tranglement n&rsquo;est plus l&rsquo;argent\u2014ce sont les personnes,\u00a0\u00bb a expliqu\u00e9 un officier de recrutement de la Bundeswehr \u00e0 Cologne. \u00ab\u00a0Nous sommes en concurrence avec l&rsquo;industrie priv\u00e9e pour les m\u00eames talents techniques, souvent avec des salaires inf\u00e9rieurs.\u00a0\u00bb<\/p>\n<p>L&rsquo;objectif de pr\u00e9paration 2029 a d\u00e9j\u00e0 d\u00e9clench\u00e9 des d\u00e9bats sur la r\u00e9introduction d&rsquo;une forme de service obligatoire. Le ministre de la D\u00e9fense Pistorius a propos\u00e9 un mod\u00e8le de conscription modifi\u00e9, exigeant potentiellement que tous les jeunes adultes participent \u00e0 une \u00ab\u00a0ann\u00e9e de service\u00a0\u00bb avec des options militaires. De telles propositions rencontrent une r\u00e9sistance politique significative dans un pays qui est encore aux prises avec son pass\u00e9 militariste.<\/p>\n<p>Le secr\u00e9taire g\u00e9n\u00e9ral de l&rsquo;OTAN <a href=\"https:\/\/www.nato.int\/cps\/en\/natohq\/who_is_who_214686.htm\" rel=\"nofollow noopener\" target=\"_blank\">Mark Rutte<\/a> a salu\u00e9 l&rsquo;engagement de l&rsquo;Allemagne en mati\u00e8re de pr\u00e9paration, mais a soulign\u00e9 que des jalons interm\u00e9diaires seraient essentiels. Lors de la r\u00e9union minist\u00e9rielle de l&rsquo;OTAN \u00e0 Bruxelles le mois dernier, j&rsquo;ai observ\u00e9 une impatience croissante des repr\u00e9sentants d&rsquo;Europe de l&rsquo;Est concernant le rythme de l&rsquo;Allemagne.<\/p>\n<p>\u00ab\u00a0Nos coll\u00e8gues baltes n&rsquo;ont pas le luxe d&rsquo;attendre jusqu&rsquo;en 2029,\u00a0\u00bb m&rsquo;a confi\u00e9 un responsable polonais de la d\u00e9fense lors d&rsquo;une conversation en marge. \u00ab\u00a0Les op\u00e9rations hybrides russes se d\u00e9roulent maintenant, pas dans six ans.\u00a0\u00bb<\/p>\n<p>La transformation de la d\u00e9fense allemande repr\u00e9sente l&rsquo;effort de modernisation militaire le plus cons\u00e9quent d&rsquo;Europe depuis la Guerre froide. Le succ\u00e8s n\u00e9cessite non seulement une r\u00e9forme des achats, mais aussi des changements culturels fondamentaux au sein de la soci\u00e9t\u00e9 allemande concernant les d\u00e9penses de d\u00e9fense et le service militaire.<\/p>\n<p>\u00c0 l&rsquo;ext\u00e9rieur du Bendlerblock, j&rsquo;ai parl\u00e9 avec Lisa Mueller, une r\u00e9sidente berlinoise de 28 ans, qui refl\u00e9tait cette perspective en \u00e9volution: \u00ab\u00a0Il y a cinq ans, j&rsquo;aurais remis en question pourquoi nous avons besoin de plus de d\u00e9penses militaires. Aujourd&rsquo;hui, avec ce qui se passe en Ukraine, je comprends pourquoi nous ne pouvons pas \u00eatre sans d\u00e9fense.\u00a0\u00bb<\/p>\n<p>Le minist\u00e8re f\u00e9d\u00e9ral des Finances a reconnu que l&rsquo;atteinte des objectifs de pr\u00e9paration n\u00e9cessitera des d\u00e9penses annuelles de d\u00e9fense soutenues bien au-dessus du rep\u00e8re de <strong>2% du PIB<\/strong> de l&rsquo;OTAN. Les \u00e9conomistes de la d\u00e9fense estiment les besoins annuels entre 80 et 85 milliards d&rsquo;euros d&rsquo;ici 2027\u2014pr\u00e8s du double des niveaux actuels.<\/p>\n<p>Pour les alli\u00e9s europ\u00e9ens et nord-am\u00e9ricains de l&rsquo;Allemagne, la date cible de 2029 repr\u00e9sente un test critique de l&rsquo;engagement de Berlin envers la s\u00e9curit\u00e9 collective. Alors que la guerre de la Russie en Ukraine se poursuit et que les membres orientaux de l&rsquo;OTAN font face \u00e0 une pression croissante, la transformation militaire de l&rsquo;Allemagne a \u00e9volu\u00e9 d&rsquo;une question de politique int\u00e9rieure \u00e0 un \u00e9l\u00e9ment d\u00e9terminant des relations transatlantiques.<\/p>\n<p>La route vers 2029 reste incertaine. En quittant le Bendlerblock, un jeune officier a r\u00e9sum\u00e9 le d\u00e9fi: \u00ab\u00a0Nous essayons de reconstruire une culture militaire, de moderniser l&rsquo;\u00e9quipement et de nous pr\u00e9parer au conflit simultan\u00e9ment. N&rsquo;importe lequel de ces d\u00e9fis serait difficile\u2014nous tentons les trois \u00e0 la fois.\u00a0\u00bb<\/p>\n<\/article>\n","protected":false},"excerpt":{"rendered":"<p>Je me tenais au bord du Bendlerblock \u00e0 Berlin, si\u00e8ge du minist\u00e8re allemand de la D\u00e9fense, observant les responsables qui entraient et sortaient avec une d\u00e9termination grave. L&rsquo;ambiance a radicalement chang\u00e9 depuis ma derni\u00e8re visite il y a trois ans, lorsque les priorit\u00e9s de d\u00e9fense semblaient encore des d\u00e9bats th\u00e9oriques plut\u00f4t que des imp\u00e9ratifs urgents [&hellip;]<\/p>\n","protected":false},"author":2,"featured_media":6282,"comment_status":"open","ping_status":"open","sticky":false,"template":"","format":"standard","meta":{"footnotes":""},"categories":[148],"tags":[4193,4192],"ppma_author":[162],"class_list":{"0":"post-6284","1":"post","2":"type-post","3":"status-publish","4":"format-standard","5":"has-post-thumbnail","7":"category-ukraine-fr","8":"tag-boris-pistorius","9":"tag-defense-allemande"},"_form":null,"_mail":null,"_mail_2":null,"_messages":null,"_additional_settings":null,"_locale":null,"_hash":null,"_wp_attached_file":null,"_wp_attachment_metadata":null,"_elementor_page_settings":null,"_menu_item_type":null,"_menu_item_menu_item_parent":null,"_menu_item_object_id":null,"_menu_item_object":null,"_menu_item_target":null,"_menu_item_classes":null,"_menu_item_xfn":null,"_menu_item_url":null,"_thumbnail_id":"6282","_wp_old_slug":null,"_oembed_aabfd980ef699725dc5d6ea0f5c5f063":null,"_oembed_time_aabfd980ef699725dc5d6ea0f5c5f063":null,"foxiz_menu_meta":null,"foxiz_user_rating":null,"_wp_attachment_image_alt":null,"ruby_tagline":null,"ruby_live_blog":null,"rank_math_primary_category":null,"_wp_attachment_context":null,"wpml_media_processed":null,"ppmacf_slug":null,"ppmacf_type":null,"ppmacf_field_status":null,"ppmacf_requirement":null,"ppmacf_social_profile":null,"ppmacf_schema_property":null,"ppmacf_rel":null,"ppmacf_target":null,"ppmacf_description":null,"ppmacf_inbuilt":null,"ppma_boxes_layout_meta_value":null,"ppma_disable_author_box":null,"_mc4wp_settings":null,"text_subscribed":null,"text_invalid_email":null,"text_required_field_missing":null,"text_already_subscribed":null,"text_error":null,"text_unsubscribed":null,"text_not_subscribed":null,"text_no_lists_selected":null,"text_updated":null,"text_spam":null,"_pingme":null,"_encloseme":"1","_wp_trash_meta_comments_status":null,"_elementor_page_assets":null,"_elementor_element_cache":null,"_wp_page_template":null,"_elementor_edit_mode":null,"_elementor_template_type":null,"foxiz_content_total_word":null,"_elementor_version":null,"_elementor_data":null,"ppma_authors_name":"Malik Thompson","rb_global_meta":null,"_elementor_controls_usage":null,"_wp_old_date":null,"ao_post_optimize":null,"rank_math_analytic_object_id":null,"rank_math_og_content_image":null,"_edit_lock":null,"rank_math_seo_score":null,"rank_math_internal_links_processed":null,"_edit_last":null,"_wpml_word_count":"1204","_wpml_location_migration_done":"1","rank_math_focus_keyword":"Pr\u00eat militaire de l'Allemagne 2029","rank_math_title":null,"rank_math_description":"L'Allemagne vise \u00e0 rendre son arm\u00e9e pleinement op\u00e9rationnelle d'ici 2029 face aux inqui\u00e9tudes de l'OTAN. D\u00e9couvrez comment elle planifie cette transformation ambitieuse.","_wpml_media_duplicate":null,"_wpml_media_featured":null,"_top_nav_excluded":null,"_cms_nav_minihome":null,"_last_translation_edit_mode":null,"_elementor_template_widget_type":null,"_elementor_popup_display_settings":null,"_wp_trash_meta_status":null,"_wp_trash_meta_time":null,"_wp_desired_post_slug":null,"_elementor_css":null,"authors":[{"term_id":162,"user_id":2,"is_guest":0,"slug":"malik-thompson","display_name":"Malik Thompson","avatar_url":"https:\/\/secure.gravatar.com\/avatar\/eb18019eba0d827ea7001bab491d4cbb?s=96&d=mm&r=g","0":null,"1":"","2":"","3":"","4":"","5":"","6":"","7":"","8":""}],"_links":{"self":[{"href":"https:\/\/www.mediawall.news\/fr\/wp-json\/wp\/v2\/posts\/6284","targetHints":{"allow":["GET"]}}],"collection":[{"href":"https:\/\/www.mediawall.news\/fr\/wp-json\/wp\/v2\/posts"}],"about":[{"href":"https:\/\/www.mediawall.news\/fr\/wp-json\/wp\/v2\/types\/post"}],"author":[{"embeddable":true,"href":"https:\/\/www.mediawall.news\/fr\/wp-json\/wp\/v2\/users\/2"}],"replies":[{"embeddable":true,"href":"https:\/\/www.mediawall.news\/fr\/wp-json\/wp\/v2\/comments?post=6284"}],"version-history":[{"count":0,"href":"https:\/\/www.mediawall.news\/fr\/wp-json\/wp\/v2\/posts\/6284\/revisions"}],"wp:featuredmedia":[{"embeddable":true,"href":"https:\/\/www.mediawall.news\/fr\/wp-json\/wp\/v2\/media\/6282"}],"wp:attachment":[{"href":"https:\/\/www.mediawall.news\/fr\/wp-json\/wp\/v2\/media?parent=6284"}],"wp:term":[{"taxonomy":"category","embeddable":true,"href":"https:\/\/www.mediawall.news\/fr\/wp-json\/wp\/v2\/categories?post=6284"},{"taxonomy":"post_tag","embeddable":true,"href":"https:\/\/www.mediawall.news\/fr\/wp-json\/wp\/v2\/tags?post=6284"},{"taxonomy":"author","embeddable":true,"href":"https:\/\/www.mediawall.news\/fr\/wp-json\/wp\/v2\/ppma_author?post=6284"}],"curies":[{"name":"wp","href":"https:\/\/api.w.org\/{rel}","templated":true}]}}