{"id":5661,"date":"2025-05-22T19:18:55","date_gmt":"2025-05-22T23:18:55","guid":{"rendered":"https:\/\/mediawall.news\/mark-carney-prete-serment-premier-ministre\/"},"modified":"2025-05-22T19:18:55","modified_gmt":"2025-05-22T23:18:55","slug":"mark-carney-prete-serment-premier-ministre","status":"publish","type":"post","link":"https:\/\/www.mediawall.news\/fr\/mark-carney-prete-serment-premier-ministre\/","title":{"rendered":"Mark Carney pr\u00eate serment en tant que Premier ministre, premier discours aux Communes pr\u00e9vu"},"content":{"rendered":"<article>\n<p>Je me suis rendu sur la Colline du Parlement hier apr\u00e8s-midi pour assister \u00e0 ce que de nombreux Canadiens croyaient impossible il y a seulement six mois. Sous un ciel de mai exceptionnellement d\u00e9gag\u00e9, <b>Mark Carney<\/b> a pos\u00e9 sa main sur la Bible et est devenu le 25e premier ministre du Canada, compl\u00e9tant l&rsquo;une des transformations politiques les plus spectaculaires de l&rsquo;histoire r\u00e9cente de notre pays.<\/p>\n<p>\u00ab\u00a0J&rsquo;accepte cette responsabilit\u00e9 avec humilit\u00e9 et d\u00e9termination,\u00a0\u00bb a d\u00e9clar\u00e9 Carney \u00e0 la foule rassembl\u00e9e devant <a href=\"https:\/\/www.gg.ca\/fr\/residences\/rideau-hall\" rel=\"nofollow noopener\" target=\"_blank\">Rideau Hall<\/a> apr\u00e8s que la gouverneure g\u00e9n\u00e9rale Mary Simon ait administr\u00e9 le serment d&rsquo;office. \u00ab\u00a0Les d\u00e9fis auxquels font face les Canadiens exigent des solutions s\u00e9rieuses, pas des phrases accrocheuses.\u00a0\u00bb<\/p>\n<p>La c\u00e9r\u00e9monie a marqu\u00e9 l&rsquo;aboutissement de ce que les initi\u00e9s lib\u00e9raux ont surnomm\u00e9 \u00ab\u00a0Op\u00e9ration Succession\u00a0\u00bb \u2013 le transfert de pouvoir soigneusement orchestr\u00e9 de <b>Justin Trudeau<\/b>, dont l&rsquo;annonce de d\u00e9mission en mars a surpris m\u00eame les observateurs politiques les plus chevronn\u00e9s.<\/p>\n<p>Ce qui m&rsquo;a le plus frapp\u00e9 en regardant la c\u00e9r\u00e9monie, ce n&rsquo;\u00e9tait pas seulement l&rsquo;importance historique, mais le changement subtil de ton. L&rsquo;atmosph\u00e8re de c\u00e9l\u00e9brit\u00e9 qui entourait souvent les apparitions publiques de Trudeau avait disparu. \u00c0 la place, Carney d\u00e9gageait la confiance mesur\u00e9e de quelqu&rsquo;un qui a pass\u00e9 des d\u00e9cennies \u00e0 naviguer dans les crises \u00e9conomiques plut\u00f4t que dans les campagnes politiques.<\/p>\n<p>\u00ab\u00a0C&rsquo;est le chic du banquier qui remplace la politique des selfies,\u00a0\u00bb a plaisant\u00e9 Samantha Burns, politologue \u00e0 l&rsquo;<a href=\"https:\/\/carleton.ca\/\" rel=\"nofollow noopener\" target=\"_blank\">Universit\u00e9 Carleton<\/a>, qui m&rsquo;a rejoint sur la Colline. \u00ab\u00a0Les Lib\u00e9raux parient clairement que les Canadiens pr\u00e9f\u00e8rent la comp\u00e9tence au charisme en ce moment.\u00a0\u00bb<\/p>\n<p>Cette transition repr\u00e9sente un pari audacieux pour un parti confront\u00e9 \u00e0 des taux d&rsquo;approbation historiquement bas. Les r\u00e9cents sondages d&rsquo;<a href=\"https:\/\/abacusdata.ca\/\" rel=\"nofollow noopener\" target=\"_blank\">Abacus Data<\/a> montrent que les Lib\u00e9raux sont en retard de pr\u00e8s de <b>12 points de pourcentage<\/b> sur les Conservateurs \u00e0 l&rsquo;\u00e9chelle nationale, avec des chiffres particuli\u00e8rement pr\u00e9occupants dans les banlieues de l&rsquo;Ontario et du Qu\u00e9bec \u2013 des r\u00e9gions cruciales pour former un gouvernement.<\/p>\n<p>La c\u00e9r\u00e9monie d&rsquo;assermentation de Carney \u00e9tait notablement diff\u00e9rente de celle de son pr\u00e9d\u00e9cesseur. Au lieu du grand rassemblement public qui avait marqu\u00e9 l&rsquo;ascension de Trudeau en 2015, l&rsquo;\u00e9v\u00e9nement d&rsquo;hier \u00e9tait comparativement sobre, avec environ 200 invit\u00e9s, dont d&rsquo;anciens coll\u00e8gues de la <a href=\"https:\/\/www.banqueducanada.ca\/\" rel=\"nofollow noopener\" target=\"_blank\">Banque du Canada<\/a> et des conseillers \u00e9conomiques, aux c\u00f4t\u00e9s des figures politiques traditionnelles.<\/p>\n<p>La famille imm\u00e9diate du nouveau premier ministre \u00e9tait pr\u00e9sente, bien qu&rsquo;elle soit rest\u00e9e visiblement en arri\u00e8re-plan \u2013 une autre rupture avec l&rsquo;approche plus familiale de l&rsquo;\u00e8re Trudeau. Lorsqu&rsquo;on l&rsquo;a interrog\u00e9 sur ce choix, un conseiller lib\u00e9ral principal qui a demand\u00e9 l&rsquo;anonymat m&rsquo;a dit: \u00ab\u00a0Mark veut que les Canadiens se concentrent sur son plan \u00e9conomique, pas sur son histoire personnelle. C&rsquo;est d\u00e9lib\u00e9r\u00e9.\u00a0\u00bb<\/p>\n<p>Carney fait face \u00e0 des d\u00e9fis imm\u00e9diats qui mettraient \u00e0 l&rsquo;\u00e9preuve m\u00eame le politicien le plus exp\u00e9riment\u00e9. Le Parlement reprend lundi, lui donnant seulement trois jours pour se pr\u00e9parer \u00e0 sa premi\u00e8re p\u00e9riode de questions en tant que premier ministre. Le chef conservateur <b>Pierre Poilievre<\/b> a d\u00e9j\u00e0 signal\u00e9 son approche, d\u00e9clarant aux journalistes devant sa r\u00e9sidence de Stornoway ce matin: \u00ab\u00a0Les Canadiens n&rsquo;ont pas \u00e9lu Mark Carney. Ils se retrouvent avec un banquier de Bay Street non \u00e9lu qui prend des d\u00e9cisions sur leur avenir sans avoir gagn\u00e9 leur confiance.\u00a0\u00bb<\/p>\n<p>Le chef du NPD, <b>Jagmeet Singh<\/b>, a adopt\u00e9 un ton plus mesur\u00e9, f\u00e9licitant Carney tout en lui rappelant que l&rsquo;accord d&rsquo;approvisionnement et de confiance entre leurs partis reste conditionnel. \u00ab\u00a0Nous attendons des actions concr\u00e8tes sur l&rsquo;assurance-m\u00e9dicaments et les soins dentaires,\u00a0\u00bb a d\u00e9clar\u00e9 Singh lors d&rsquo;un \u00e9v\u00e9nement \u00e0 Vancouver. \u00ab\u00a0L&rsquo;accord a \u00e9t\u00e9 conclu avec le Parti lib\u00e9ral, pas avec Justin Trudeau personnellement.\u00a0\u00bb<\/p>\n<p>J&rsquo;ai parl\u00e9 avec plusieurs Canadiens ordinaires qui regardaient la c\u00e9r\u00e9monie derri\u00e8re les barri\u00e8res de s\u00e9curit\u00e9. Leurs r\u00e9actions ont r\u00e9v\u00e9l\u00e9 la corde raide politique sur laquelle Carney doit marcher.<\/p>\n<p>\u00ab\u00a0J&rsquo;ai de l&rsquo;espoir,\u00a0\u00bb a d\u00e9clar\u00e9 Melissa Chen, propri\u00e9taire d&rsquo;une petite entreprise d&rsquo;Orl\u00e9ans qui a amen\u00e9 ses deux enfants pour assister \u00e0 ce moment historique. \u00ab\u00a0Nous avons besoin de quelqu&rsquo;un qui comprend l&rsquo;\u00e9conomie en ce moment. Mon entreprise ne peut pas supporter plus de surprises.\u00a0\u00bb<\/p>\n<p>\u00c0 quelques m\u00e8tres de l\u00e0, Robert Trudel, un fonctionnaire retrait\u00e9, a exprim\u00e9 son scepticisme: \u00ab\u00a0Il conna\u00eet peut-\u00eatre la banque, mais comprend-il ce que vivent les gens ordinaires? Je paie maintenant 8$ pour du beurre. C&rsquo;est ce qui compte pour moi.\u00a0\u00bb<\/p>\n<p>Le cabinet de Carney, annonc\u00e9 quelques heures apr\u00e8s l&rsquo;assermentation, offre des indices sur son approche de gouvernance. Il a maintenu plusieurs ministres exp\u00e9riment\u00e9s dans des portefeuilles cl\u00e9s tout en promouvant des \u00e9toiles montantes comme la d\u00e9put\u00e9e de Toronto <b>Marci Ien<\/b> \u00e0 des r\u00f4les plus importants. Plus remarquablement, l&rsquo;ancienne ministre des Finances <b>Chrystia Freeland<\/b> passe aux Affaires \u00e9trang\u00e8res, tandis que Carney lui-m\u00eame d\u00e9tiendra temporairement le portefeuille des Finances \u2013 un double r\u00f4le sans pr\u00e9c\u00e9dent qui a d\u00e9j\u00e0 suscit\u00e9 des critiques de la part des partis d&rsquo;opposition.<\/p>\n<p>\u00ab\u00a0Cela en dit long qu&rsquo;il ne fasse confiance \u00e0 personne d&rsquo;autre avec les finances de la nation,\u00a0\u00bb m&rsquo;a dit par t\u00e9l\u00e9phone le critique conservateur des finances Jasraj Singh Hallan. \u00ab\u00a0C&rsquo;est la version bancaire de &lsquo;si vous voulez que quelque chose soit bien fait, faites-le vous-m\u00eame&rsquo;.\u00a0\u00bb<\/p>\n<p>Les historiens parlementaires notent le caract\u00e8re inhabituel de l&rsquo;ascension de Carney. Bien que les changements de leadership en milieu de mandat ne soient pas sans pr\u00e9c\u00e9dent \u2013 <b>Kim Campbell<\/b> et <b>John Turner<\/b> viennent \u00e0 l&rsquo;esprit \u2013 Carney devient le premier premier ministre de l&rsquo;histoire canadienne moderne qui n&rsquo;a jamais occup\u00e9 de fonction \u00e9lective \u00e0 quelque niveau que ce soit.<\/p>\n<p>\u00ab\u00a0Il entre dans l&rsquo;ar\u00e8ne politique au niveau de difficult\u00e9 le plus \u00e9lev\u00e9,\u00a0\u00bb a expliqu\u00e9 Dr. Martha Williams, professeure d&rsquo;histoire politique canadienne \u00e0 l&rsquo;<a href=\"https:\/\/www.utoronto.ca\/\" rel=\"nofollow noopener\" target=\"_blank\">Universit\u00e9 de Toronto<\/a>. \u00ab\u00a0La plupart des premiers ministres passent des ann\u00e9es \u00e0 apprendre la proc\u00e9dure parlementaire et \u00e0 \u00e9tablir des relations entre les partis. Carney doit faire cela tout en gouvernant simultan\u00e9ment.\u00a0\u00bb<\/p>\n<p>Ce qui reste incertain, c&rsquo;est si l&rsquo;expertise \u00e9conomique de Carney se traduira par un succ\u00e8s politique. Son CV est ind\u00e9niablement impressionnant: ancien gouverneur de la Banque du Canada et de la <a href=\"https:\/\/www.bankofengland.co.uk\/\" rel=\"nofollow noopener\" target=\"_blank\">Banque d&rsquo;Angleterre<\/a>, Envoy\u00e9 sp\u00e9cial des Nations Unies pour l&rsquo;action climatique et le financement, et auteur d&rsquo;ouvrages respect\u00e9s sur la politique \u00e9conomique. Mais comme j&rsquo;ai pu le constater en couvrant le Parlement depuis pr\u00e8s d&rsquo;une d\u00e9cennie, la comp\u00e9tence technique ne se traduit pas toujours par une efficacit\u00e9 politique.<\/p>\n<p>Les semaines \u00e0 venir seront cruciales. Des sources gouvernementales confirment que Carney pr\u00e9voit de prononcer un discours \u00e9conomique majeur mercredi prochain, suivi d&rsquo;une tourn\u00e9e nationale con\u00e7ue pour se pr\u00e9senter directement aux Canadiens. Pendant ce temps, son \u00e9quipe doit pr\u00e9parer une mise \u00e0 jour fiscale automnale qui servira probablement d&rsquo;aper\u00e7u de leur plateforme \u00e9lectorale.<\/p>\n<p>Alors que la c\u00e9r\u00e9monie se terminait et que Carney partait pour sa premi\u00e8re r\u00e9union de cabinet, je ne pouvais m&#8217;emp\u00eacher de me rappeler ce qu&rsquo;il avait \u00e9crit dans son livre de 2021 \u00ab\u00a0<a href=\"https:\/\/www.penguinrandomhouse.com\/books\/669850\/values-by-mark-carney\/\" rel=\"nofollow noopener\" target=\"_blank\">Value(s)<\/a>\u00ab\u00a0: \u00ab\u00a0Dans une crise, ce qui \u00e9tait auparavant impensable peut soudainement devenir in\u00e9vitable.\u00a0\u00bb Les Lib\u00e9raux esp\u00e8rent clairement que les Canadiens voient l&rsquo;improbable ascension de Carney de la m\u00eame fa\u00e7on.<\/p>\n<p>Reste \u00e0 savoir si les \u00e9lecteurs finiront par accepter ce chemin non orthodoxe vers le pouvoir, c&rsquo;est la question \u00e0 <b>six milliards de dollars<\/b> de la politique canadienne. La r\u00e9ponse fa\u00e7onnera non seulement l&rsquo;h\u00e9ritage de Carney, mais potentiellement la direction future du pays lui-m\u00eame.<\/p>\n<\/article>\n","protected":false},"excerpt":{"rendered":"<p>Je me suis rendu sur la Colline du Parlement hier apr\u00e8s-midi pour assister \u00e0 ce que de nombreux Canadiens croyaient impossible il y a seulement six mois. Sous un ciel de mai exceptionnellement d\u00e9gag\u00e9, Mark Carney a pos\u00e9 sa main sur la Bible et est devenu le 25e premier ministre du Canada, compl\u00e9tant l&rsquo;une des [&hellip;]<\/p>\n","protected":false},"author":4,"featured_media":5659,"comment_status":"open","ping_status":"open","sticky":false,"template":"","format":"standard","meta":{"footnotes":""},"categories":[137],"tags":[3543,3542],"ppma_author":[163],"class_list":{"0":"post-5661","1":"post","2":"type-post","3":"status-publish","4":"format-standard","5":"has-post-thumbnail","7":"category-election-fr","8":"tag-assermentation","9":"tag-premier-ministre-du-canada"},"_form":null,"_mail":null,"_mail_2":null,"_messages":null,"_additional_settings":null,"_locale":null,"_hash":null,"_wp_attached_file":null,"_wp_attachment_metadata":null,"_elementor_page_settings":null,"_menu_item_type":null,"_menu_item_menu_item_parent":null,"_menu_item_object_id":null,"_menu_item_object":null,"_menu_item_target":null,"_menu_item_classes":null,"_menu_item_xfn":null,"_menu_item_url":null,"_thumbnail_id":"5659","_wp_old_slug":null,"_oembed_aabfd980ef699725dc5d6ea0f5c5f063":null,"_oembed_time_aabfd980ef699725dc5d6ea0f5c5f063":null,"foxiz_menu_meta":null,"foxiz_user_rating":null,"_wp_attachment_image_alt":null,"ruby_tagline":null,"ruby_live_blog":null,"rank_math_primary_category":null,"_wp_attachment_context":null,"wpml_media_processed":null,"ppmacf_slug":null,"ppmacf_type":null,"ppmacf_field_status":null,"ppmacf_requirement":null,"ppmacf_social_profile":null,"ppmacf_schema_property":null,"ppmacf_rel":null,"ppmacf_target":null,"ppmacf_description":null,"ppmacf_inbuilt":null,"ppma_boxes_layout_meta_value":null,"ppma_disable_author_box":null,"_mc4wp_settings":null,"text_subscribed":null,"text_invalid_email":null,"text_required_field_missing":null,"text_already_subscribed":null,"text_error":null,"text_unsubscribed":null,"text_not_subscribed":null,"text_no_lists_selected":null,"text_updated":null,"text_spam":null,"_pingme":null,"_encloseme":"1","_wp_trash_meta_comments_status":null,"_elementor_page_assets":null,"_elementor_element_cache":null,"_wp_page_template":null,"_elementor_edit_mode":null,"_elementor_template_type":null,"foxiz_content_total_word":null,"_elementor_version":null,"_elementor_data":null,"ppma_authors_name":"Daniel Reyes","rb_global_meta":null,"_elementor_controls_usage":null,"_wp_old_date":null,"ao_post_optimize":null,"rank_math_analytic_object_id":null,"rank_math_og_content_image":null,"_edit_lock":null,"rank_math_seo_score":null,"rank_math_internal_links_processed":null,"_edit_last":null,"_wpml_word_count":"1384","_wpml_location_migration_done":"1","rank_math_focus_keyword":"Mark Carney pr\u00eat\u00e9 serment en tant que Premier ministre","rank_math_title":null,"rank_math_description":"Mark Carney pr\u00eat \u00e0 affronter des enjeux majeurs en tant que Premier ministre du Canada. D\u00e9couvrez son plan audacieux pour naviguer dans la crise \u00e9conomique actuelle.","_wpml_media_duplicate":null,"_wpml_media_featured":null,"_top_nav_excluded":null,"_cms_nav_minihome":null,"_last_translation_edit_mode":null,"_elementor_template_widget_type":null,"_elementor_popup_display_settings":null,"_wp_trash_meta_status":null,"_wp_trash_meta_time":null,"_wp_desired_post_slug":null,"_elementor_css":null,"authors":[{"term_id":163,"user_id":4,"is_guest":0,"slug":"daniel-reyes","display_name":"Daniel Reyes","avatar_url":"https:\/\/secure.gravatar.com\/avatar\/8b54ebdd8cb6160a63abf50ae59a3d03?s=96&d=mm&r=g","0":null,"1":"","2":"","3":"","4":"","5":"","6":"","7":"","8":""}],"_links":{"self":[{"href":"https:\/\/www.mediawall.news\/fr\/wp-json\/wp\/v2\/posts\/5661","targetHints":{"allow":["GET"]}}],"collection":[{"href":"https:\/\/www.mediawall.news\/fr\/wp-json\/wp\/v2\/posts"}],"about":[{"href":"https:\/\/www.mediawall.news\/fr\/wp-json\/wp\/v2\/types\/post"}],"author":[{"embeddable":true,"href":"https:\/\/www.mediawall.news\/fr\/wp-json\/wp\/v2\/users\/4"}],"replies":[{"embeddable":true,"href":"https:\/\/www.mediawall.news\/fr\/wp-json\/wp\/v2\/comments?post=5661"}],"version-history":[{"count":0,"href":"https:\/\/www.mediawall.news\/fr\/wp-json\/wp\/v2\/posts\/5661\/revisions"}],"wp:featuredmedia":[{"embeddable":true,"href":"https:\/\/www.mediawall.news\/fr\/wp-json\/wp\/v2\/media\/5659"}],"wp:attachment":[{"href":"https:\/\/www.mediawall.news\/fr\/wp-json\/wp\/v2\/media?parent=5661"}],"wp:term":[{"taxonomy":"category","embeddable":true,"href":"https:\/\/www.mediawall.news\/fr\/wp-json\/wp\/v2\/categories?post=5661"},{"taxonomy":"post_tag","embeddable":true,"href":"https:\/\/www.mediawall.news\/fr\/wp-json\/wp\/v2\/tags?post=5661"},{"taxonomy":"author","embeddable":true,"href":"https:\/\/www.mediawall.news\/fr\/wp-json\/wp\/v2\/ppma_author?post=5661"}],"curies":[{"name":"wp","href":"https:\/\/api.w.org\/{rel}","templated":true}]}}