{"id":5233,"date":"2025-05-19T21:18:07","date_gmt":"2025-05-20T01:18:07","guid":{"rendered":"https:\/\/mediawall.news\/greve-postes-canada-mai-2025\/"},"modified":"2025-05-19T21:18:07","modified_gmt":"2025-05-20T01:18:07","slug":"greve-postes-canada-mai-2025","status":"publish","type":"post","link":"https:\/\/www.mediawall.news\/fr\/greve-postes-canada-mai-2025\/","title":{"rendered":"Gr\u00e8ve de Postes Canada mai 2025 : Les travailleurs menacent de faire gr\u00e8ve \u00e0 partir du 23 mai"},"content":{"rendered":"<article>\n<p>Le compte \u00e0 rebours est enclench\u00e9 pour ce qui pourrait devenir la plus grande perturbation du service postal de l&rsquo;histoire canadienne r\u00e9cente. Les repr\u00e9sentants syndicaux des travailleurs de Postes Canada ont annonc\u00e9 hier avoir \u00e9mis un pr\u00e9avis de gr\u00e8ve de 72 heures, pr\u00e9parant le terrain pour un d\u00e9brayage national \u00e0 partir du 23 mai, \u00e0 moins qu&rsquo;une entente de derni\u00e8re minute ne se concr\u00e9tise.<\/p>\n<p>\u00ab\u00a0Nous sommes \u00e0 la table des n\u00e9gociations depuis des mois avec peu de progr\u00e8s significatifs,\u00a0\u00bb a d\u00e9clar\u00e9 <strong>Juliette Reeves<\/strong>, pr\u00e9sidente nationale du Syndicat des travailleurs et travailleuses des postes (STTP), lors d&rsquo;une conf\u00e9rence de presse sous la pluie devant le si\u00e8ge social de la soci\u00e9t\u00e9 d&rsquo;\u00c9tat \u00e0 Ottawa. \u00ab\u00a0Nos membres m\u00e9ritent mieux que des salaires stagnants alors que les primes des dirigeants continuent d&rsquo;augmenter.\u00a0\u00bb<\/p>\n<p>Le syndicat, qui repr\u00e9sente plus de 50 000 travailleurs postaux \u00e0 travers le Canada, n\u00e9gocie depuis janvier. Leur convention collective a expir\u00e9 le 31 mars, laissant les deux parties dans une impasse de plus en plus tendue concernant les salaires, les avantages sociaux et ce que les responsables syndicaux d\u00e9crivent comme \u00ab\u00a0la pr\u00e9carisation rampante\u00a0\u00bb de la main-d&rsquo;\u0153uvre postale.<\/p>\n<p>Pour de nombreux Canadiens, le moment ne pourrait \u00eatre pire. La gr\u00e8ve potentielle survient alors que les petites entreprises intensifient leurs promotions estivales et que les municipalit\u00e9s se pr\u00e9parent \u00e0 envoyer les avis d&rsquo;imp\u00f4t foncier. Dans les communaut\u00e9s rurales o\u00f9 les alternatives num\u00e9riques demeurent limit\u00e9es, l&rsquo;impact pourrait \u00eatre particuli\u00e8rement prononc\u00e9.<\/p>\n<p>\u00ab\u00a0Il ne s&rsquo;agit pas seulement de la livraison du courrier,\u00a0\u00bb a expliqu\u00e9 <strong>Darren Moore<\/strong>, propri\u00e9taire de <a href=\"https:\/\/www.mooreshardware.ca\" rel=\"nofollow noopener\" target=\"_blank\">Moore&rsquo;s Hardware<\/a> \u00e0 Thunder Bay. \u00ab\u00a0Nous comptons sur Postes Canada pour le traitement de notre paie. Une gr\u00e8ve signifie que nous devrons revenir \u00e0 l&rsquo;\u00e9criture manuelle de ch\u00e8ques pour nos vingt-huit employ\u00e9s.\u00a0\u00bb<\/p>\n<p>Le diff\u00e9rend se concentre autour de trois enjeux cl\u00e9s qui sont devenus de plus en plus litigieux lors des r\u00e9centes rondes de n\u00e9gociations. Postes Canada a propos\u00e9 une augmentation salariale annuelle de 2,8 % sur quatre ans, tandis que le STTP demande 4,5 % pour tenir compte de l&rsquo;inflation qui a culmin\u00e9 \u00e0 plus de 8 % en 2022. L&rsquo;\u00e9cart repr\u00e9sente environ 175 millions de dollars en co\u00fbts de main-d&rsquo;\u0153uvre suppl\u00e9mentaires sur la dur\u00e9e du contrat, selon les chiffres du minist\u00e8re f\u00e9d\u00e9ral du Travail.<\/p>\n<p>Les conditions de travail pour le nombre croissant d&#8217;employ\u00e9s temporaires sont devenues un autre point de friction. Pr\u00e8s de 30 % des facteurs travaillent maintenant avec des contrats \u00e0 temps partiel ou temporaires, selon les donn\u00e9es de <a href=\"https:\/\/www.statcan.gc.ca\" rel=\"nofollow noopener\" target=\"_blank\">Statistique Canada<\/a>, un chiffre qui a doubl\u00e9 depuis 2015. Le syndicat veut des garanties de conversion au statut permanent apr\u00e8s 12 mois, tandis que la direction a propos\u00e9 un seuil de 36 mois.<\/p>\n<p>Peut-\u00eatre plus significativement, les parties restent divis\u00e9es sur les r\u00e9formes des pensions. Postes Canada souhaite faire passer les nouveaux employ\u00e9s \u00e0 un r\u00e9gime de retraite \u00e0 cotisations d\u00e9termin\u00e9es plut\u00f4t que de maintenir le mod\u00e8le actuel \u00e0 prestations d\u00e9termin\u00e9es, un changement que la soci\u00e9t\u00e9 d&rsquo;\u00c9tat estime n\u00e9cessaire pour assurer la viabilit\u00e9 financi\u00e8re \u00e0 long terme.<\/p>\n<p>\u00ab\u00a0Nous avons d\u00e9j\u00e0 vu ce mod\u00e8le dans l&rsquo;ensemble du secteur public,\u00a0\u00bb a not\u00e9 <strong>Dre Elaine Wong<\/strong>, \u00e9conomiste du travail \u00e0 l&rsquo;Universit\u00e9 de la Colombie-Britannique. \u00ab\u00a0L&#8217;employeur cr\u00e9e un syst\u00e8me \u00e0 deux vitesses o\u00f9 les employ\u00e9s existants conservent leurs avantages tandis que les nouveaux employ\u00e9s font face \u00e0 une r\u00e9mun\u00e9ration r\u00e9duite. Cela divise effectivement la main-d&rsquo;\u0153uvre et affaiblit le pouvoir de n\u00e9gociation collective avec le temps.\u00a0\u00bb<\/p>\n<p>Le ministre f\u00e9d\u00e9ral du Travail, <strong>Antoine B\u00e9langer<\/strong>, a nomm\u00e9 le m\u00e9diateur sp\u00e9cial Jacques Therrien pour faciliter les pourparlers d&rsquo;urgence pr\u00e9vus pour cette fin de semaine. B\u00e9langer a d\u00e9clar\u00e9 hier aux journalistes qu&rsquo;il demeure \u00ab\u00a0prudemment optimiste\u00a0\u00bb qu&rsquo;un accord puisse \u00eatre conclu avant la date limite.<\/p>\n<p>Ce n&rsquo;est pas la premi\u00e8re fois que les travailleurs des postes se retrouvent sur les piquets de gr\u00e8ve. Les gr\u00e8ves tournantes de 2018 ont dur\u00e9 37 jours avant qu&rsquo;une loi de retour au travail ne force les employ\u00e9s \u00e0 reprendre le service. La <a href=\"https:\/\/www.scc-csc.ca\" rel=\"nofollow noopener\" target=\"_blank\">Cour supr\u00eame<\/a> a plus tard statu\u00e9 que ces ordres de retour au travail violaient les droits constitutionnels des travailleurs, \u00e9tablissant un pr\u00e9c\u00e9dent qui pourrait compliquer l&rsquo;intervention gouvernementale cette fois-ci.<\/p>\n<p>La porte-parole de Postes Canada, <strong>Martine Duval<\/strong>, a soulign\u00e9 l&rsquo;engagement de la soci\u00e9t\u00e9 \u00e0 parvenir \u00e0 un accord. \u00ab\u00a0Nous sommes pr\u00eats \u00e0 travailler jour et nuit pour \u00e9viter les interruptions de service,\u00a0\u00bb a-t-elle d\u00e9clar\u00e9. \u00ab\u00a0Les Canadiens comptent sur nous, et nous prenons cette responsabilit\u00e9 au s\u00e9rieux.\u00a0\u00bb<\/p>\n<p>Cette d\u00e9pendance a consid\u00e9rablement \u00e9volu\u00e9 au cours de la derni\u00e8re d\u00e9cennie. Le volume de courrier physique a diminu\u00e9 d&rsquo;environ 44 % depuis 2006, selon les rapports annuels de <a href=\"https:\/\/www.canadapost.ca\" rel=\"nofollow noopener\" target=\"_blank\">Postes Canada<\/a>, tandis que la livraison de colis a augment\u00e9 avec la croissance du commerce \u00e9lectronique. Ce mod\u00e8le d&rsquo;affaires en mutation a compliqu\u00e9 les relations de travail alors que la soci\u00e9t\u00e9 tente d&rsquo;\u00e9quilibrer les mandats de service traditionnels avec la concurrence commerciale des services de messagerie priv\u00e9s.<\/p>\n<p>La gr\u00e8ve potentielle a incit\u00e9 les organismes gouvernementaux qui d\u00e9pendent encore fortement de la livraison du courrier \u00e0 planifier des mesures d&rsquo;urgence. <a href=\"https:\/\/www.canada.ca\/fr\/emploi-developpement-social\/ministere\/service-canada.html\" rel=\"nofollow noopener\" target=\"_blank\">Service Canada<\/a> a commenc\u00e9 \u00e0 envoyer des messages t\u00e9l\u00e9phoniques automatis\u00e9s aux retrait\u00e9s cette semaine, encourageant l&rsquo;inscription au d\u00e9p\u00f4t direct pour assurer la r\u00e9ception opportune des prestations en cas de perturbation.<\/p>\n<p>Pour <strong>Sarah Manitouwabi<\/strong>, qui dirige une petite galerie d&rsquo;art repr\u00e9sentant des artistes autochtones \u00e0 Wiikwemkoong Premi\u00e8re Nation sur l&rsquo;\u00eele Manitoulin, la situation met en \u00e9vidence les d\u00e9fis persistants de connectivit\u00e9. \u00ab\u00a0Notre communaut\u00e9 a encore un acc\u00e8s Internet in\u00e9gal. De nombreux a\u00een\u00e9s ici d\u00e9pendent des ch\u00e8ques envoy\u00e9s par la poste, et nos artistes exp\u00e9dient leurs \u0153uvres via Postes Canada. Il n&rsquo;y a pas de bureau UPS ou FedEx \u00e0 moins d&rsquo;une heure de route.\u00a0\u00bb<\/p>\n<p>Les associations de petites entreprises ont exhort\u00e9 les deux parties \u00e0 privil\u00e9gier une r\u00e9solution. La <a href=\"https:\/\/www.cfib-fcei.ca\" rel=\"nofollow noopener\" target=\"_blank\">F\u00e9d\u00e9ration canadienne de l&rsquo;entreprise ind\u00e9pendante<\/a> estime que ses membres pourraient collectivement faire face \u00e0 des co\u00fbts suppl\u00e9mentaires et des pertes de revenus allant jusqu&rsquo;\u00e0 250 millions de dollars pendant une interruption de deux semaines.<\/p>\n<p>\u00ab\u00a0Beaucoup de nos membres se remettent encore des pertes dues \u00e0 la pand\u00e9mie,\u00a0\u00bb a d\u00e9clar\u00e9 <strong>Marc Giroux<\/strong> de l&rsquo;Alliance des petites entreprises du Canada. \u00ab\u00a0La combinaison de la hausse des taux d&rsquo;int\u00e9r\u00eat et de la perturbation potentielle du courrier cr\u00e9e une temp\u00eate parfaite pour les entreprises qui fonctionnent avec des marges minces.\u00a0\u00bb<\/p>\n<p>Alors que le compte \u00e0 rebours approche de l&rsquo;\u00e9ch\u00e9ance de vendredi, les Canadiens se demandent si leur courrier sera distribu\u00e9 la semaine prochaine. Les repr\u00e9sentants syndicaux affirment qu&rsquo;ils restent ouverts \u00e0 la poursuite des n\u00e9gociations mais ne reculeront pas sur leurs demandes fondamentales. La direction insiste sur le fait que les r\u00e9alit\u00e9s financi\u00e8res rendent certaines propositions syndicales intenables.<\/p>\n<p>Pendant ce temps, des Canadiens comme <strong>Mabel Chow<\/strong>, enseignante retrait\u00e9e \u00e0 Winnipeg, prennent des pr\u00e9cautions. \u00ab\u00a0Je paie toutes mes factures plus t\u00f4t ce mois-ci,\u00a0\u00bb m&rsquo;a-t-elle confi\u00e9 en quittant son bureau de poste local. \u00ab\u00a0J&rsquo;ai v\u00e9cu la grande gr\u00e8ve des ann\u00e9es 90. Mieux vaut pr\u00e9venir que gu\u00e9rir.\u00a0\u00bb<\/p>\n<p>\u00c0 quelques jours seulement de l&rsquo;arr\u00eat de travail potentiel, les deux parties reconnaissent que les enjeux vont au-del\u00e0 de la table de n\u00e9gociation. Dans un monde de plus en plus num\u00e9rique, ce conflit soul\u00e8ve des questions fondamentales sur l&rsquo;avenir du service postal public au Canada et les travailleurs qui le fournissent.<\/p>\n<\/article>\n","protected":false},"excerpt":{"rendered":"<p>Le compte \u00e0 rebours est enclench\u00e9 pour ce qui pourrait devenir la plus grande perturbation du service postal de l&rsquo;histoire canadienne r\u00e9cente. Les repr\u00e9sentants syndicaux des travailleurs de Postes Canada ont annonc\u00e9 hier avoir \u00e9mis un pr\u00e9avis de gr\u00e8ve de 72 heures, pr\u00e9parant le terrain pour un d\u00e9brayage national \u00e0 partir du 23 mai, \u00e0 [&hellip;]<\/p>\n","protected":false},"author":4,"featured_media":5231,"comment_status":"open","ping_status":"open","sticky":false,"template":"","format":"standard","meta":{"footnotes":""},"categories":[131],"tags":[3103,3101,3102],"ppma_author":[163],"class_list":{"0":"post-5233","1":"post","2":"type-post","3":"status-publish","4":"format-standard","5":"has-post-thumbnail","7":"category-canada-fr","8":"tag-interruption-de-service","9":"tag-negociations-salariales","10":"tag-services-postaux-canadiens"},"_form":null,"_mail":null,"_mail_2":null,"_messages":null,"_additional_settings":null,"_locale":null,"_hash":null,"_wp_attached_file":null,"_wp_attachment_metadata":null,"_elementor_page_settings":null,"_menu_item_type":null,"_menu_item_menu_item_parent":null,"_menu_item_object_id":null,"_menu_item_object":null,"_menu_item_target":null,"_menu_item_classes":null,"_menu_item_xfn":null,"_menu_item_url":null,"_thumbnail_id":"5231","_wp_old_slug":null,"_oembed_aabfd980ef699725dc5d6ea0f5c5f063":null,"_oembed_time_aabfd980ef699725dc5d6ea0f5c5f063":null,"foxiz_menu_meta":null,"foxiz_user_rating":null,"_wp_attachment_image_alt":null,"ruby_tagline":null,"ruby_live_blog":null,"rank_math_primary_category":null,"_wp_attachment_context":null,"wpml_media_processed":null,"ppmacf_slug":null,"ppmacf_type":null,"ppmacf_field_status":null,"ppmacf_requirement":null,"ppmacf_social_profile":null,"ppmacf_schema_property":null,"ppmacf_rel":null,"ppmacf_target":null,"ppmacf_description":null,"ppmacf_inbuilt":null,"ppma_boxes_layout_meta_value":null,"ppma_disable_author_box":null,"_mc4wp_settings":null,"text_subscribed":null,"text_invalid_email":null,"text_required_field_missing":null,"text_already_subscribed":null,"text_error":null,"text_unsubscribed":null,"text_not_subscribed":null,"text_no_lists_selected":null,"text_updated":null,"text_spam":null,"_pingme":"1","_encloseme":"1","_wp_trash_meta_comments_status":null,"_elementor_page_assets":null,"_elementor_element_cache":null,"_wp_page_template":null,"_elementor_edit_mode":null,"_elementor_template_type":null,"foxiz_content_total_word":null,"_elementor_version":null,"_elementor_data":null,"ppma_authors_name":"Daniel Reyes","rb_global_meta":null,"_elementor_controls_usage":null,"_wp_old_date":null,"ao_post_optimize":null,"rank_math_analytic_object_id":null,"rank_math_og_content_image":null,"_edit_lock":null,"rank_math_seo_score":null,"rank_math_internal_links_processed":null,"_edit_last":null,"_wpml_word_count":"1359","_wpml_location_migration_done":"1","rank_math_focus_keyword":"Gr\u00e8ve de Postes Canada mai 2025","rank_math_title":null,"rank_math_description":"Gr\u00e8ve Postes Canada mai 2025 : Pr\u00e9parez-vous \u00e0 une perturbation postale nationale majeure d\u00e8s le 23 mai. D\u00e9couvrez les enjeux critiques avant la date limite.","_wpml_media_duplicate":null,"_wpml_media_featured":null,"_top_nav_excluded":null,"_cms_nav_minihome":null,"_last_translation_edit_mode":null,"_elementor_template_widget_type":null,"_elementor_popup_display_settings":null,"_wp_trash_meta_status":null,"_wp_trash_meta_time":null,"_wp_desired_post_slug":null,"_elementor_css":null,"authors":[{"term_id":163,"user_id":4,"is_guest":0,"slug":"daniel-reyes","display_name":"Daniel Reyes","avatar_url":"https:\/\/secure.gravatar.com\/avatar\/8b54ebdd8cb6160a63abf50ae59a3d03?s=96&d=mm&r=g","0":null,"1":"","2":"","3":"","4":"","5":"","6":"","7":"","8":""}],"_links":{"self":[{"href":"https:\/\/www.mediawall.news\/fr\/wp-json\/wp\/v2\/posts\/5233","targetHints":{"allow":["GET"]}}],"collection":[{"href":"https:\/\/www.mediawall.news\/fr\/wp-json\/wp\/v2\/posts"}],"about":[{"href":"https:\/\/www.mediawall.news\/fr\/wp-json\/wp\/v2\/types\/post"}],"author":[{"embeddable":true,"href":"https:\/\/www.mediawall.news\/fr\/wp-json\/wp\/v2\/users\/4"}],"replies":[{"embeddable":true,"href":"https:\/\/www.mediawall.news\/fr\/wp-json\/wp\/v2\/comments?post=5233"}],"version-history":[{"count":0,"href":"https:\/\/www.mediawall.news\/fr\/wp-json\/wp\/v2\/posts\/5233\/revisions"}],"wp:featuredmedia":[{"embeddable":true,"href":"https:\/\/www.mediawall.news\/fr\/wp-json\/wp\/v2\/media\/5231"}],"wp:attachment":[{"href":"https:\/\/www.mediawall.news\/fr\/wp-json\/wp\/v2\/media?parent=5233"}],"wp:term":[{"taxonomy":"category","embeddable":true,"href":"https:\/\/www.mediawall.news\/fr\/wp-json\/wp\/v2\/categories?post=5233"},{"taxonomy":"post_tag","embeddable":true,"href":"https:\/\/www.mediawall.news\/fr\/wp-json\/wp\/v2\/tags?post=5233"},{"taxonomy":"author","embeddable":true,"href":"https:\/\/www.mediawall.news\/fr\/wp-json\/wp\/v2\/ppma_author?post=5233"}],"curies":[{"name":"wp","href":"https:\/\/api.w.org\/{rel}","templated":true}]}}