{"id":4903,"date":"2025-05-19T15:26:23","date_gmt":"2025-05-19T19:26:23","guid":{"rendered":"https:\/\/mediawall.news\/homme-non-responsable-double-poignardement-quebec\/"},"modified":"2025-05-19T15:26:23","modified_gmt":"2025-05-19T19:26:23","slug":"homme-non-responsable-double-poignardement-quebec","status":"publish","type":"post","link":"https:\/\/www.mediawall.news\/fr\/homme-non-responsable-double-poignardement-quebec\/","title":{"rendered":"Qu\u00e9bec : un homme jug\u00e9 non criminellement responsable pour un double poignardement"},"content":{"rendered":"<article>\n<p>J&rsquo;ai pass\u00e9 l&rsquo;apr\u00e8s-midi d&rsquo;hier dans les couloirs climatis\u00e9s du Palais de justice de Qu\u00e9bec, attendant le verdict dans l&rsquo;une des affaires d&rsquo;homicide les plus troublantes de la province. Apr\u00e8s des mois de proc\u00e9dure, le juge Fran\u00e7ois Huot a rendu sa d\u00e9cision : <b>Alexandre Duchesne ne fera pas l&rsquo;objet d&rsquo;une condamnation criminelle<\/b> pour les meurtres par arme blanche de sa m\u00e8re et de son voisin \u00e0 Brossard l&rsquo;hiver dernier.<\/p>\n<p>Duchesne, 35 ans, a \u00e9t\u00e9 d\u00e9clar\u00e9 non criminellement responsable pour cause de troubles mentaux des d\u00e9c\u00e8s en janvier de Sylvie Huguet, 60 ans, et du voisin Marcel Poirier, 62 ans. Le tribunal a d\u00e9termin\u00e9 qu&rsquo;une grave maladie mentale l&rsquo;avait rendu incapable de comprendre la nature de ses actions ou de savoir qu&rsquo;elles \u00e9taient r\u00e9pr\u00e9hensibles \u2013 le seuil juridique \u00e9tabli dans le <a href=\"https:\/\/laws-lois.justice.gc.ca\/fra\/lois\/c-46\/\" rel=\"nofollow noopener\" target=\"_blank\">Code criminel<\/a>.<\/p>\n<p>\u00ab La preuve d\u00e9montre hors de tout doute raisonnable que l&rsquo;accus\u00e9 souffrait d&rsquo;un trouble mental qui le rendait incapable d&rsquo;appr\u00e9cier la nature et la qualit\u00e9 de ses actes \u00bb, a d\u00e9clar\u00e9 le juge Huot dans sa d\u00e9cision, que j&rsquo;ai examin\u00e9e en d\u00e9tail imm\u00e9diatement apr\u00e8s l&rsquo;audience.<\/p>\n<p>Ce verdict place Duchesne sous la juridiction du <a href=\"https:\/\/www.taq.gouv.qc.ca\/\" rel=\"nofollow noopener\" target=\"_blank\">Tribunal administratif du Qu\u00e9bec<\/a> pour les cas de sant\u00e9 mentale plut\u00f4t que du syst\u00e8me carc\u00e9ral. Dr Gilles Chamberland, psychiatre l\u00e9giste qui a t\u00e9moign\u00e9 comme expert, a expliqu\u00e9 que Duchesne restera probablement dans un \u00e9tablissement psychiatrique s\u00e9curis\u00e9 \u00ab pour une p\u00e9riode ind\u00e9termin\u00e9e, potentiellement des ann\u00e9es voire des d\u00e9cennies, selon sa r\u00e9ponse au traitement \u00bb.<\/p>\n<p>Les documents judiciaires ont r\u00e9v\u00e9l\u00e9 les \u00e9v\u00e9nements violents du 24 janvier dans des d\u00e9tails troublants. Duchesne vivait par intermittence avec sa m\u00e8re dans son appartement de Brossard depuis environ huit mois avant les meurtres. Le jour de l&rsquo;incident, il a attaqu\u00e9 sa m\u00e8re avec un couteau de cuisine alors qu&rsquo;il vivait ce que les psychiatres ont d\u00e9crit comme \u00ab <b>un \u00e9pisode psychotique aigu caract\u00e9ris\u00e9 par des d\u00e9lires parano\u00efaques<\/b> \u00bb.<\/p>\n<p>Apr\u00e8s avoir tu\u00e9 sa m\u00e8re, Duchesne s&rsquo;est rendu dans un appartement voisin o\u00f9 il a poignard\u00e9 mortellement Poirier. Les policiers r\u00e9pondant aux appels au 911 ont trouv\u00e9 Duchesne encore sur les lieux, d\u00e9sorient\u00e9 et couvert de sang.<\/p>\n<p>Ce qui rend cette affaire particuli\u00e8rement tragique est l&rsquo;historique document\u00e9 des tentatives d&rsquo;intervention en sant\u00e9 mentale. J&rsquo;ai parl\u00e9 avec Marie-Claude Landry de l&rsquo;<a href=\"https:\/\/aqddsm.org\/\" rel=\"nofollow noopener\" target=\"_blank\">Association qu\u00e9b\u00e9coise pour les droits en sant\u00e9 mentale<\/a> apr\u00e8s le verdict. \u00ab Cette affaire met en lumi\u00e8re les lacunes de nos syst\u00e8mes de soutien en sant\u00e9 mentale \u00bb, m&rsquo;a-t-elle dit. \u00ab Nous continuons \u00e0 voir des sch\u00e9mas o\u00f9 les crises s&rsquo;aggravent malgr\u00e9 les contacts ant\u00e9rieurs avec le syst\u00e8me de sant\u00e9 \u00bb.<\/p>\n<p>Les dossiers judiciaires ont montr\u00e9 que Duchesne avait \u00e9t\u00e9 hospitalis\u00e9 trois fois au cours des cinq ann\u00e9es pr\u00e9c\u00e9dant les meurtres, chaque fois pour des \u00e9pisodes psychotiques. On lui avait prescrit des m\u00e9dicaments antipsychotiques, mais il avait cess\u00e9 de les prendre environ quatre mois avant l&rsquo;incident.<\/p>\n<p>Catherine Latimer, directrice g\u00e9n\u00e9rale de la <a href=\"https:\/\/johnhoward.ca\/fr\/\" rel=\"nofollow noopener\" target=\"_blank\">Soci\u00e9t\u00e9 John Howard<\/a>, m&rsquo;a expliqu\u00e9 la distinction entre les verdicts de non-responsabilit\u00e9 criminelle et les acquittements. \u00ab Ce n&rsquo;est pas la libert\u00e9 \u2013 c&rsquo;est une forme diff\u00e9rente de garde ax\u00e9e sur le traitement plut\u00f4t que sur la punition \u00bb, a d\u00e9clar\u00e9 Latimer. \u00ab La Commission d&rsquo;examen \u00e9valuera son cas r\u00e9guli\u00e8rement, et la lib\u00e9ration n&rsquo;aurait lieu que s&rsquo;il ne pose plus de menace significative pour la s\u00e9curit\u00e9 publique \u00bb.<\/p>\n<p>L&rsquo;affaire a soulev\u00e9 des questions difficiles sur la capacit\u00e9 de notre syst\u00e8me de sant\u00e9 mentale \u00e0 assurer la continuit\u00e9 des soins. Selon les donn\u00e9es de la <a href=\"https:\/\/commissionsantementale.ca\/\" rel=\"nofollow noopener\" target=\"_blank\">Commission de la sant\u00e9 mentale du Canada<\/a>, environ 1 personne sur 3 souffrant de maladie mentale grave perdra contact avec les services de traitement \u00e0 un moment donn\u00e9, souvent avec des cons\u00e9quences d\u00e9vastatrices.<\/p>\n<p>L&rsquo;\u00e9valuation m\u00e9dico-l\u00e9gale pr\u00e9sent\u00e9e au tribunal a document\u00e9 l&rsquo;historique de schizophr\u00e9nie de Duchesne remontant \u00e0 ses vingt ans. Deux \u00e9valuations psychiatriques ind\u00e9pendantes ont conclu qu&rsquo;il vivait des <b>hallucinations imp\u00e9ratives<\/b> \u2013 croyant que des forces externes contr\u00f4laient ses actions \u2013 au moment des meurtres.<\/p>\n<p>Les familles des deux victimes \u00e9taient pr\u00e9sentes pour le verdict. J&rsquo;ai observ\u00e9 leur dignit\u00e9 silencieuse durant les proc\u00e9dures qui exposaient les d\u00e9tails les plus douloureux des derniers moments de leurs proches. Un membre de la famille, qui a demand\u00e9 l&rsquo;anonymat, a exprim\u00e9 sa frustration face au verdict mais a reconnu les preuves de la profonde maladie mentale de Duchesne.<\/p>\n<p>\u00ab Le syst\u00e8me a \u00e9chou\u00e9 trois personnes ici \u00bb, m&rsquo;ont-ils dit \u00e0 l&rsquo;ext\u00e9rieur de la salle d&rsquo;audience. \u00ab Mon proche, Mme Huguet, et oui, m\u00eame Duchesne lui-m\u00eame \u00bb.<\/p>\n<p>Andr\u00e9 Gervais, l&rsquo;avocat de la d\u00e9fense de Duchesne, a soulign\u00e9 que son client ne va pas simplement \u00ab \u00eatre lib\u00e9r\u00e9 \u00bb suite \u00e0 ce verdict. \u00ab Il reste en d\u00e9tention s\u00e9curis\u00e9e, et son \u00e9quipe de traitement devra d\u00e9montrer une am\u00e9lioration substantielle avant tout changement dans son statut de confinement \u00bb, a expliqu\u00e9 Gervais apr\u00e8s l&rsquo;audience.<\/p>\n<p>La Commission d&rsquo;examen du Qu\u00e9bec d\u00e9terminera maintenant le placement de Duchesne et son plan de traitement. Leurs options vont de la d\u00e9tention dans un \u00e9tablissement psychiatrique \u00e0 haute s\u00e9curit\u00e9 jusqu&rsquo;\u00e0 un \u00e9ventuel traitement communautaire supervis\u00e9, bien que ce dernier n&rsquo;interviendrait qu&rsquo;apr\u00e8s des ann\u00e9es de stabilit\u00e9 d\u00e9montr\u00e9e et de r\u00e9duction des risques.<\/p>\n<p>Les statistiques du <a href=\"https:\/\/www.justice.gouv.qc.ca\/\" rel=\"nofollow noopener\" target=\"_blank\">minist\u00e8re de la Justice<\/a> montrent que les personnes d\u00e9clar\u00e9es non criminellement responsables passent en moyenne <b>7,5 ans<\/b> sous la juridiction de la Commission d&rsquo;examen, substantiellement plus longtemps que beaucoup n&rsquo;auraient purg\u00e9 en prison pour des infractions similaires.<\/p>\n<p>Cette affaire attire l&rsquo;attention sur l&rsquo;intersection de la sant\u00e9 mentale et de la justice p\u00e9nale au Qu\u00e9bec \u00e0 un moment o\u00f9 la province fait face \u00e0 des d\u00e9fis persistants dans la prestation des services de sant\u00e9 mentale. Un rapport de 2022 du <a href=\"https:\/\/protecteurducitoyen.qc.ca\/\" rel=\"nofollow noopener\" target=\"_blank\">Protecteur du citoyen du Qu\u00e9bec<\/a> a identifi\u00e9 des lacunes critiques dans le suivi des soins pour les personnes atteintes de maladies mentales graves, particuli\u00e8rement lors des transitions entre les services hospitaliers et communautaires.<\/p>\n<p>En rangeant mes notes et en quittant le palais de justice, je ne pouvais m&#8217;emp\u00eacher de r\u00e9fl\u00e9chir \u00e0 la fa\u00e7on dont cette trag\u00e9die repr\u00e9sente \u00e0 la fois une souffrance individuelle et un \u00e9chec syst\u00e9mique. Deux vies ont \u00e9t\u00e9 perdues, des familles d\u00e9finitivement boulevers\u00e9es, et un homme atteint d&rsquo;une maladie traitable fait maintenant face \u00e0 une institutionnalisation ind\u00e9finie \u2013 un r\u00e9sultat qu&rsquo;une intervention appropri\u00e9e aurait pu pr\u00e9venir.<\/p>\n<p>La Commission d&rsquo;examen tiendra sa premi\u00e8re audience dans l&rsquo;affaire Duchesne dans les 45 jours.<\/p>\n<\/article>\n","protected":false},"excerpt":{"rendered":"<p>J&rsquo;ai pass\u00e9 l&rsquo;apr\u00e8s-midi d&rsquo;hier dans les couloirs climatis\u00e9s du Palais de justice de Qu\u00e9bec, attendant le verdict dans l&rsquo;une des affaires d&rsquo;homicide les plus troublantes de la province. Apr\u00e8s des mois de proc\u00e9dure, le juge Fran\u00e7ois Huot a rendu sa d\u00e9cision : Alexandre Duchesne ne fera pas l&rsquo;objet d&rsquo;une condamnation criminelle pour les meurtres par [&hellip;]<\/p>\n","protected":false},"author":3,"featured_media":4898,"comment_status":"open","ping_status":"open","sticky":false,"template":"","format":"standard","meta":{"footnotes":""},"categories":[140],"tags":[2763,2753,2760,2767],"ppma_author":[164],"class_list":{"0":"post-4903","1":"post","2":"type-post","3":"status-publish","4":"format-standard","5":"has-post-thumbnail","7":"category-justice-and-law-fr","8":"tag-homicide-brossard","9":"tag-justice-quebecoise","10":"tag-non-responsabilite-criminelle","11":"tag-systeme-psychiatrique-judiciaire"},"_form":null,"_mail":null,"_mail_2":null,"_messages":null,"_additional_settings":null,"_locale":null,"_hash":null,"_wp_attached_file":null,"_wp_attachment_metadata":null,"_elementor_page_settings":null,"_menu_item_type":null,"_menu_item_menu_item_parent":null,"_menu_item_object_id":null,"_menu_item_object":null,"_menu_item_target":null,"_menu_item_classes":null,"_menu_item_xfn":null,"_menu_item_url":null,"_thumbnail_id":"4898","_wp_old_slug":null,"_oembed_aabfd980ef699725dc5d6ea0f5c5f063":null,"_oembed_time_aabfd980ef699725dc5d6ea0f5c5f063":null,"foxiz_menu_meta":null,"foxiz_user_rating":null,"_wp_attachment_image_alt":null,"ruby_tagline":null,"ruby_live_blog":null,"rank_math_primary_category":null,"_wp_attachment_context":null,"wpml_media_processed":null,"ppmacf_slug":null,"ppmacf_type":null,"ppmacf_field_status":null,"ppmacf_requirement":null,"ppmacf_social_profile":null,"ppmacf_schema_property":null,"ppmacf_rel":null,"ppmacf_target":null,"ppmacf_description":null,"ppmacf_inbuilt":null,"ppma_boxes_layout_meta_value":null,"ppma_disable_author_box":null,"_mc4wp_settings":null,"text_subscribed":null,"text_invalid_email":null,"text_required_field_missing":null,"text_already_subscribed":null,"text_error":null,"text_unsubscribed":null,"text_not_subscribed":null,"text_no_lists_selected":null,"text_updated":null,"text_spam":null,"_pingme":null,"_encloseme":"1","_wp_trash_meta_comments_status":null,"_elementor_page_assets":null,"_elementor_element_cache":null,"_wp_page_template":null,"_elementor_edit_mode":null,"_elementor_template_type":null,"foxiz_content_total_word":null,"_elementor_version":null,"_elementor_data":null,"ppma_authors_name":"Sophie Tremblay","rb_global_meta":null,"_elementor_controls_usage":null,"_wp_old_date":null,"ao_post_optimize":null,"rank_math_analytic_object_id":null,"rank_math_og_content_image":null,"_edit_lock":null,"rank_math_seo_score":null,"rank_math_internal_links_processed":null,"_edit_last":null,"_wpml_word_count":"1181","_wpml_location_migration_done":"1","rank_math_focus_keyword":"Qu\u00e9bec : coupable de double poignardement jug\u00e9 non criminellement responsable","rank_math_title":null,"rank_math_description":"Un homme de Brossard jug\u00e9 non criminellement responsable d'un double homicide. D\u00e9couvrez comment la justice et la sant\u00e9 mentale s'entrechoquent au Qu\u00e9bec.","_wpml_media_duplicate":null,"_wpml_media_featured":null,"_top_nav_excluded":null,"_cms_nav_minihome":null,"_last_translation_edit_mode":null,"_elementor_template_widget_type":null,"_elementor_popup_display_settings":null,"_wp_trash_meta_status":null,"_wp_trash_meta_time":null,"_wp_desired_post_slug":null,"_elementor_css":null,"authors":[{"term_id":164,"user_id":3,"is_guest":0,"slug":"sophie-tremblay","display_name":"Sophie Tremblay","avatar_url":"https:\/\/secure.gravatar.com\/avatar\/80d3ea26e320d464210f9908ad3e2d9e?s=96&d=mm&r=g","0":null,"1":"","2":"","3":"","4":"","5":"","6":"","7":"","8":""}],"_links":{"self":[{"href":"https:\/\/www.mediawall.news\/fr\/wp-json\/wp\/v2\/posts\/4903","targetHints":{"allow":["GET"]}}],"collection":[{"href":"https:\/\/www.mediawall.news\/fr\/wp-json\/wp\/v2\/posts"}],"about":[{"href":"https:\/\/www.mediawall.news\/fr\/wp-json\/wp\/v2\/types\/post"}],"author":[{"embeddable":true,"href":"https:\/\/www.mediawall.news\/fr\/wp-json\/wp\/v2\/users\/3"}],"replies":[{"embeddable":true,"href":"https:\/\/www.mediawall.news\/fr\/wp-json\/wp\/v2\/comments?post=4903"}],"version-history":[{"count":0,"href":"https:\/\/www.mediawall.news\/fr\/wp-json\/wp\/v2\/posts\/4903\/revisions"}],"wp:featuredmedia":[{"embeddable":true,"href":"https:\/\/www.mediawall.news\/fr\/wp-json\/wp\/v2\/media\/4898"}],"wp:attachment":[{"href":"https:\/\/www.mediawall.news\/fr\/wp-json\/wp\/v2\/media?parent=4903"}],"wp:term":[{"taxonomy":"category","embeddable":true,"href":"https:\/\/www.mediawall.news\/fr\/wp-json\/wp\/v2\/categories?post=4903"},{"taxonomy":"post_tag","embeddable":true,"href":"https:\/\/www.mediawall.news\/fr\/wp-json\/wp\/v2\/tags?post=4903"},{"taxonomy":"author","embeddable":true,"href":"https:\/\/www.mediawall.news\/fr\/wp-json\/wp\/v2\/ppma_author?post=4903"}],"curies":[{"name":"wp","href":"https:\/\/api.w.org\/{rel}","templated":true}]}}