{"id":4486,"date":"2025-05-15T22:17:42","date_gmt":"2025-05-16T02:17:42","guid":{"rendered":"https:\/\/mediawall.news\/vol-objets-sportifs-paralympien-ontario\/"},"modified":"2025-05-15T22:17:42","modified_gmt":"2025-05-16T02:17:42","slug":"vol-objets-sportifs-paralympien-ontario","status":"publish","type":"post","link":"https:\/\/www.mediawall.news\/fr\/vol-objets-sportifs-paralympien-ontario\/","title":{"rendered":"Vol d&rsquo;objets sportifs d&rsquo;un paralympien en Ontario : appel pour le retour"},"content":{"rendered":"<article>\n<p>J&rsquo;ai regard\u00e9 <strong>Billy Bridges<\/strong>, l&rsquo;une de nos l\u00e9gendes nationales du para-hockey sur luge, prendre la glace lors des championnats canadiens 2023 \u00e0 Richmond. La pr\u00e9cision de ses mouvements, la fa\u00e7on dont sa luge personnalis\u00e9e semblait \u00eatre une extension de son corps \u2013 c&rsquo;\u00e9tait de l&rsquo;art forg\u00e9 par des d\u00e9cennies de comp\u00e9tition d&rsquo;\u00e9lite.<\/p>\n<p>C&rsquo;est pourquoi la nouvelle du vol de ses souvenirs paralympiques irrempla\u00e7ables frappe particuli\u00e8rement fort ceux qui suivent les sports paralympiques au Canada.<\/p>\n<p>Jeudi dernier, Bridges et son \u00e9pouse <strong>Sami Jo Small<\/strong>, elle-m\u00eame m\u00e9daill\u00e9e olympique de hockey, ont d\u00e9couvert que leur unit\u00e9 d&rsquo;entreposage \u00e0 Mississauga avait \u00e9t\u00e9 cambriol\u00e9e. Disparus sont les objets repr\u00e9sentant 25 ans de carri\u00e8re paralympique : m\u00e9dailles d&rsquo;or, chandails d&rsquo;\u00c9quipe Canada, \u00e9quipement sur mesure et d&rsquo;innombrables souvenirs de comp\u00e9titions internationales remontant aux <a href=\"https:\/\/paralympic.org\/nagano-1998\" rel=\"nofollow noopener\" target=\"_blank\">Jeux paralympiques de 1998<\/a>.<\/p>\n<p>\u00ab\u00a0Ce ne sont pas juste des objets,\u00a0\u00bb m&rsquo;a confi\u00e9 Bridges lors d&rsquo;une conversation t\u00e9l\u00e9phonique hier. \u00ab\u00a0Ce sont des rappels physiques des sacrifices que ma famille a faits, des co\u00e9quipiers qui sont devenus des fr\u00e8res. On ne peut pas mettre un prix sur cette histoire.\u00a0\u00bb<\/p>\n<p>La <a href=\"https:\/\/www.peelpolice.ca\/\" rel=\"nofollow noopener\" target=\"_blank\">Police r\u00e9gionale de Peel<\/a> a confirm\u00e9 qu&rsquo;elle enqu\u00eate sur l&rsquo;effraction \u00e0 l&rsquo;installation Public Storage pr\u00e8s de la rue Dundas Est et de l&rsquo;avenue Universal. L&rsquo;agente-d\u00e9tective Rachel Thompson reconna\u00eet qu&rsquo;il ne s&rsquo;agit pas de marchandises vol\u00e9es typiques.<\/p>\n<p>\u00ab\u00a0Les objets pris ont une immense signification personnelle mais une valeur de revente limit\u00e9e pour quiconque en dehors de la communaut\u00e9 paralympique,\u00a0\u00bb a expliqu\u00e9 Thompson. \u00ab\u00a0Nous demandons aux pr\u00eateurs sur gages, aux marchands de souvenirs sportifs et aux utilisateurs de plateformes en ligne d&rsquo;\u00eatre vigilants.\u00a0\u00bb<\/p>\n<p>Pour Bridges, <strong>quintuple paralympien<\/strong> avec 340 buts pour \u00c9quipe Canada, le vol repr\u00e9sente plus qu&rsquo;une perte personnelle. Plusieurs objets \u00e9taient destin\u00e9s \u00e0 une future exposition c\u00e9l\u00e9brant les r\u00e9alisations paralympiques au Canada.<\/p>\n<p>\u00ab\u00a0Billy a conserv\u00e9 ces objets non seulement pour lui-m\u00eame mais dans un but plus large,\u00a0\u00bb a d\u00e9clar\u00e9 Karen O&rsquo;Neill, PDG du <a href=\"https:\/\/paralympic.ca\/\" rel=\"nofollow noopener\" target=\"_blank\">Comit\u00e9 paralympique canadien<\/a>. \u00ab\u00a0Sa collection repr\u00e9sente un chapitre important de l&rsquo;histoire paralympique canadienne qui m\u00e9rite d&rsquo;\u00eatre pr\u00e9serv\u00e9 et c\u00e9l\u00e9br\u00e9.\u00a0\u00bb<\/p>\n<p>La communaut\u00e9 du hockey s&rsquo;est rapidement mobilis\u00e9e. D&rsquo;anciens co\u00e9quipiers ont partag\u00e9 des photos des objets manquants sur les r\u00e9seaux sociaux, et le Comit\u00e9 paralympique canadien a publi\u00e9 une d\u00e9claration exhortant toute personne ayant des informations \u00e0 se manifester.<\/p>\n<p>Parmi les objets disparus les plus importants figurent :<\/p>\n<ul>\n<li>M\u00e9dailles d&rsquo;or des Championnats du monde de Turin 2006 et 2013<\/li>\n<li>\u00c9quipement de luge personnalis\u00e9 de cinq Jeux paralympiques<\/li>\n<li>Chandails d&rsquo;\u00c9quipe Canada avec signatures personnalis\u00e9es<\/li>\n<li>Flamme paralympique des Jeux de Vancouver 2010<\/li>\n<\/ul>\n<p>Ce qui rend ce vol particuli\u00e8rement troublant, c&rsquo;est le moment. Bridges avait r\u00e9cemment rassembl\u00e9 ces objets de diff\u00e9rentes r\u00e9sidences familiales pour cr\u00e9er une archive compl\u00e8te de son parcours paralympique.<\/p>\n<p>\u00ab\u00a0Le vol de souvenirs paralympiques nous touche diff\u00e9remment,\u00a0\u00bb explique Dre Laura Misener, directrice de l&rsquo;\u00c9cole de kin\u00e9siologie de l&rsquo;<a href=\"https:\/\/www.uwo.ca\/\" rel=\"nofollow noopener\" target=\"_blank\">Universit\u00e9 Western<\/a> qui \u00e9tudie l&rsquo;h\u00e9ritage paralympique. \u00ab\u00a0Ces artefacts repr\u00e9sentent non seulement des accomplissements athl\u00e9tiques mais souvent des triomphes personnels face \u00e0 d&rsquo;importants d\u00e9fis de vie.\u00a0\u00bb<\/p>\n<p><strong>Statistique Canada<\/strong> a signal\u00e9 une augmentation de 22% des crimes contre les biens dans la r\u00e9gion de Peel au premier trimestre 2024 par rapport \u00e0 la m\u00eame p\u00e9riode l&rsquo;an dernier. Mais ce cas se distingue des sch\u00e9mas de vol typiques.<\/p>\n<p>\u00ab\u00a0Il est probable que les voleurs ne r\u00e9alisaient pas ce qu&rsquo;ils prenaient,\u00a0\u00bb a d\u00e9clar\u00e9 l&rsquo;agente Thompson. \u00ab\u00a0Ces objets ont une valeur sentimentale \u00e9norme mais seraient difficiles \u00e0 vendre par les canaux traditionnels sans \u00e9veiller les soup\u00e7ons.\u00a0\u00bb<\/p>\n<p>Small, l&rsquo;\u00e9pouse de Bridges, a publi\u00e9 un appel sinc\u00e8re sur les m\u00e9dias sociaux qui a \u00e9t\u00e9 partag\u00e9 plus de 5 000 fois : \u00ab\u00a0Pas de questions \u2013 nous voulons simplement que ces morceaux d&rsquo;histoire paralympique retournent l\u00e0 o\u00f9 ils appartiennent.\u00a0\u00bb<\/p>\n<p>L&rsquo;installation d&rsquo;entreposage a fourni des images de cam\u00e9ras de s\u00e9curit\u00e9 \u00e0 la police, bien que les enqu\u00eateurs n&rsquo;aient pas r\u00e9v\u00e9l\u00e9 s&rsquo;ils ont identifi\u00e9 des suspects potentiels.<\/p>\n<p>Pour la communaut\u00e9 paralympique, ce vol repr\u00e9sente plus que des biens vol\u00e9s \u2013 c&rsquo;est l&rsquo;effacement de preuves visibles d&rsquo;accomplissements dans un domaine sportif qui lutte d\u00e9j\u00e0 pour la reconnaissance.<\/p>\n<p>\u00ab\u00a0Les athl\u00e8tes paralympiques se battent deux fois plus pour la reconnaissance,\u00a0\u00bb a not\u00e9 <strong>Josh Dueck<\/strong>, chef de mission de l&rsquo;\u00e9quipe paralympique canadienne 2022. \u00ab\u00a0Leurs souvenirs repr\u00e9sentent non seulement des m\u00e9dailles et des victoires, mais aussi la rupture de barri\u00e8res et le changement de perceptions.\u00a0\u00bb<\/p>\n<p>Bridges, connu pour sa r\u00e9silience sur la glace, garde espoir. \u00ab\u00a0Je crois que les gens feront la bonne chose. Ces objets signifient tout pour moi et tr\u00e8s peu pour ceux qui les ont pris.\u00a0\u00bb<\/p>\n<p>Toute personne ayant des informations est pri\u00e9e de contacter la <a href=\"https:\/\/www.peelpolice.ca\/en\/index.aspx\" rel=\"nofollow noopener\" target=\"_blank\">Police r\u00e9gionale de Peel<\/a> ou <a href=\"https:\/\/www.crimestoppers.ca\/\" rel=\"nofollow noopener\" target=\"_blank\">\u00c9chec au crime<\/a>. Le Comit\u00e9 paralympique canadien a \u00e9galement \u00e9tabli un courriel confidentiel pour les indices qui pourraient mener \u00e0 la r\u00e9cup\u00e9ration de ces objets.<\/p>\n<p>Alors que l&rsquo;enqu\u00eate se poursuit, ce vol nous rappelle combien les r\u00e9alisations paralympiques restent souvent sous-\u00e9valu\u00e9es dans notre conscience sportive \u2013 jusqu&rsquo;\u00e0 ce qu&rsquo;elles disparaissent.<\/p>\n<p>\u00ab\u00a0Chaque m\u00e9daille, chaque chandail raconte une histoire de d\u00e9passement,\u00a0\u00bb a dit Bridges. \u00ab\u00a0J&rsquo;esp\u00e8re juste avoir la chance de partager ces histoires \u00e0 nouveau.\u00a0\u00bb<\/p>\n<\/article>\n","protected":false},"excerpt":{"rendered":"<p>J&rsquo;ai regard\u00e9 Billy Bridges, l&rsquo;une de nos l\u00e9gendes nationales du para-hockey sur luge, prendre la glace lors des championnats canadiens 2023 \u00e0 Richmond. La pr\u00e9cision de ses mouvements, la fa\u00e7on dont sa luge personnalis\u00e9e semblait \u00eatre une extension de son corps \u2013 c&rsquo;\u00e9tait de l&rsquo;art forg\u00e9 par des d\u00e9cennies de comp\u00e9tition d&rsquo;\u00e9lite. C&rsquo;est pourquoi la [&hellip;]<\/p>\n","protected":false},"author":4,"featured_media":4484,"comment_status":"open","ping_status":"open","sticky":false,"template":"","format":"standard","meta":{"footnotes":""},"categories":[131],"tags":[2226,2224,2227,2225],"ppma_author":[163],"class_list":{"0":"post-4486","1":"post","2":"type-post","3":"status-publish","4":"format-standard","5":"has-post-thumbnail","7":"category-canada-fr","8":"tag-heritage-paralympique","9":"tag-para-hockey-canadien","10":"tag-sports-paralympiques","11":"tag-vol-de-souvenirs-paralympiques"},"_form":null,"_mail":null,"_mail_2":null,"_messages":null,"_additional_settings":null,"_locale":null,"_hash":null,"_wp_attached_file":null,"_wp_attachment_metadata":null,"_elementor_page_settings":null,"_menu_item_type":null,"_menu_item_menu_item_parent":null,"_menu_item_object_id":null,"_menu_item_object":null,"_menu_item_target":null,"_menu_item_classes":null,"_menu_item_xfn":null,"_menu_item_url":null,"_thumbnail_id":"4484","_wp_old_slug":null,"_oembed_aabfd980ef699725dc5d6ea0f5c5f063":null,"_oembed_time_aabfd980ef699725dc5d6ea0f5c5f063":null,"foxiz_menu_meta":null,"foxiz_user_rating":null,"_wp_attachment_image_alt":null,"ruby_tagline":null,"ruby_live_blog":null,"rank_math_primary_category":null,"_wp_attachment_context":null,"wpml_media_processed":null,"ppmacf_slug":null,"ppmacf_type":null,"ppmacf_field_status":null,"ppmacf_requirement":null,"ppmacf_social_profile":null,"ppmacf_schema_property":null,"ppmacf_rel":null,"ppmacf_target":null,"ppmacf_description":null,"ppmacf_inbuilt":null,"ppma_boxes_layout_meta_value":null,"ppma_disable_author_box":null,"_mc4wp_settings":null,"text_subscribed":null,"text_invalid_email":null,"text_required_field_missing":null,"text_already_subscribed":null,"text_error":null,"text_unsubscribed":null,"text_not_subscribed":null,"text_no_lists_selected":null,"text_updated":null,"text_spam":null,"_pingme":null,"_encloseme":"1","_wp_trash_meta_comments_status":null,"_elementor_page_assets":null,"_elementor_element_cache":null,"_wp_page_template":null,"_elementor_edit_mode":null,"_elementor_template_type":null,"foxiz_content_total_word":null,"_elementor_version":null,"_elementor_data":null,"ppma_authors_name":"Daniel Reyes","rb_global_meta":null,"_elementor_controls_usage":null,"_wp_old_date":null,"ao_post_optimize":null,"rank_math_analytic_object_id":null,"rank_math_og_content_image":null,"_edit_lock":null,"rank_math_seo_score":null,"rank_math_internal_links_processed":null,"_edit_last":null,"_wpml_word_count":"975","_wpml_location_migration_done":"1","rank_math_focus_keyword":"Vol d'objets m\u00e9morabilia sportifs d'un paralympien en Ontario","rank_math_title":null,"rank_math_description":"Le vol des souvenirs paralympiques de Billy Bridges en Ontario choque le Canada. Aidez \u00e0 retrouver ces objets irrempla\u00e7ables symbolisant son h\u00e9ritage sportif unique.","_wpml_media_duplicate":null,"_wpml_media_featured":null,"_top_nav_excluded":null,"_cms_nav_minihome":null,"_last_translation_edit_mode":null,"_elementor_template_widget_type":null,"_elementor_popup_display_settings":null,"_wp_trash_meta_status":null,"_wp_trash_meta_time":null,"_wp_desired_post_slug":null,"_elementor_css":null,"authors":[{"term_id":163,"user_id":4,"is_guest":0,"slug":"daniel-reyes","display_name":"Daniel Reyes","avatar_url":"https:\/\/secure.gravatar.com\/avatar\/8b54ebdd8cb6160a63abf50ae59a3d03?s=96&d=mm&r=g","0":null,"1":"","2":"","3":"","4":"","5":"","6":"","7":"","8":""}],"_links":{"self":[{"href":"https:\/\/www.mediawall.news\/fr\/wp-json\/wp\/v2\/posts\/4486","targetHints":{"allow":["GET"]}}],"collection":[{"href":"https:\/\/www.mediawall.news\/fr\/wp-json\/wp\/v2\/posts"}],"about":[{"href":"https:\/\/www.mediawall.news\/fr\/wp-json\/wp\/v2\/types\/post"}],"author":[{"embeddable":true,"href":"https:\/\/www.mediawall.news\/fr\/wp-json\/wp\/v2\/users\/4"}],"replies":[{"embeddable":true,"href":"https:\/\/www.mediawall.news\/fr\/wp-json\/wp\/v2\/comments?post=4486"}],"version-history":[{"count":0,"href":"https:\/\/www.mediawall.news\/fr\/wp-json\/wp\/v2\/posts\/4486\/revisions"}],"wp:featuredmedia":[{"embeddable":true,"href":"https:\/\/www.mediawall.news\/fr\/wp-json\/wp\/v2\/media\/4484"}],"wp:attachment":[{"href":"https:\/\/www.mediawall.news\/fr\/wp-json\/wp\/v2\/media?parent=4486"}],"wp:term":[{"taxonomy":"category","embeddable":true,"href":"https:\/\/www.mediawall.news\/fr\/wp-json\/wp\/v2\/categories?post=4486"},{"taxonomy":"post_tag","embeddable":true,"href":"https:\/\/www.mediawall.news\/fr\/wp-json\/wp\/v2\/tags?post=4486"},{"taxonomy":"author","embeddable":true,"href":"https:\/\/www.mediawall.news\/fr\/wp-json\/wp\/v2\/ppma_author?post=4486"}],"curies":[{"name":"wp","href":"https:\/\/api.w.org\/{rel}","templated":true}]}}