{"id":3969,"date":"2025-05-10T13:32:25","date_gmt":"2025-05-10T17:32:25","guid":{"rendered":"https:\/\/mediawall.news\/anciens-deputes-canadiens-vie-apres-politique\/"},"modified":"2025-05-10T13:32:25","modified_gmt":"2025-05-10T17:32:25","slug":"anciens-deputes-canadiens-vie-apres-politique","status":"publish","type":"post","link":"https:\/\/www.mediawall.news\/fr\/anciens-deputes-canadiens-vie-apres-politique\/","title":{"rendered":"Anciens d\u00e9put\u00e9s canadiens : la vie apr\u00e8s la politique &#8211; D\u00e9fis \u00e9motionnels et de carri\u00e8re"},"content":{"rendered":"<article>\n<p>Le lendemain de la perte de son si\u00e8ge au Parlement, <b>Michael Fortier<\/b> s&rsquo;est retrouv\u00e9 \u00e0 fixer le plafond de sa chambre, paralys\u00e9 par une seule pens\u00e9e : \u00ab Qu&rsquo;est-ce que je fais aujourd&rsquo;hui ? \u00bb<\/p>\n<p>\u00ab Je me souviens d&rsquo;avoir ressenti ce vide accablant \u00bb, confie Fortier, qui a repr\u00e9sent\u00e9 la circonscription montr\u00e9alaise de Vaudreuil pendant sept ans avant sa d\u00e9faite en 2019. \u00ab Pendant des ann\u00e9es, mon agenda \u00e9tait rempli de r\u00e9unions de comit\u00e9s, de travail de circonscription et d&rsquo;obligations parlementaires. Puis soudainement\u2014plus rien. \u00bb<\/p>\n<p>L&rsquo;exp\u00e9rience de Fortier refl\u00e8te ce que vivent de nombreux anciens parlementaires lorsqu&rsquo;ils quittent la politique canadienne, que ce soit par choix ou suite \u00e0 une d\u00e9faite aux urnes. Ce que le public voit rarement, c&rsquo;est l&rsquo;ajustement profond, tant personnel que professionnel, qui suit lorsque le t\u00e9l\u00e9phone cesse de sonner.<\/p>\n<p>Une r\u00e9cente \u00e9tude de l&rsquo;<a href=\"https:\/\/www.exparl.ca\" rel=\"nofollow noopener\" target=\"_blank\">Association canadienne des ex-parlementaires<\/a> a r\u00e9v\u00e9l\u00e9 que <b>68 %<\/b> des d\u00e9put\u00e9s d\u00e9faits ont signal\u00e9 d&rsquo;importants d\u00e9fis \u00e9motionnels durant leur premi\u00e8re ann\u00e9e apr\u00e8s avoir quitt\u00e9 leurs fonctions. L&rsquo;\u00e9tude, qui a sond\u00e9 124 anciens d\u00e9put\u00e9s ayant servi entre 2000 et 2021, a mis en lumi\u00e8re ce que beaucoup \u00e0 Ottawa savent d\u00e9j\u00e0 mais dont on discute rarement : la transition apr\u00e8s le service public s&rsquo;accompagne souvent d&rsquo;un coup de fouet psychologique.<\/p>\n<p>\u00ab C&rsquo;est comme un divorce et une perte d&#8217;emploi combin\u00e9s \u00bb, explique <b>Dr. Samantha Nutt<\/b>, psychologue politique \u00e0 l&rsquo;<a href=\"https:\/\/www.utoronto.ca\" rel=\"nofollow noopener\" target=\"_blank\">Universit\u00e9 de Toronto<\/a> qui conseille d&rsquo;anciens politiciens. \u00ab Ces individus vivent ce que j&rsquo;appelle un &lsquo;sevrage de pertinence&rsquo;\u2014ils sont pass\u00e9s d&rsquo;une position d&rsquo;influence sur la politique nationale \u00e0 la difficult\u00e9 d&rsquo;obtenir des rappels de personnes qui autrefois recherchaient leur attention. \u00bb<\/p>\n<p>Pour <b>Jagmeet Singh<\/b> de Brampton, qui a servi un mandat avant de perdre son si\u00e8ge en 2015, la r\u00e9alit\u00e9 financi\u00e8re s&rsquo;est av\u00e9r\u00e9e tout aussi difficile. \u00ab Je suis pass\u00e9 d&rsquo;un salaire parlementaire d\u00e9cent \u00e0 un revenu nul du jour au lendemain. Mon bureau de circonscription a ferm\u00e9. Mon personnel s&rsquo;est dispers\u00e9. Et je me suis soudainement retrouv\u00e9 \u00e0 essayer de relancer une carri\u00e8re juridique que j&rsquo;avais mise en pause des ann\u00e9es plus t\u00f4t. \u00bb<\/p>\n<p>Le <a href=\"https:\/\/www.parl.ca\" rel=\"nofollow noopener\" target=\"_blank\">Parlement du Canada<\/a> offre aux d\u00e9put\u00e9s sortants des services de transition limit\u00e9s\u2014g\u00e9n\u00e9ralement seulement six mois de conseil en carri\u00e8re et une indemnit\u00e9 de d\u00e9part modeste bas\u00e9e sur les ann\u00e9es de service. Cela contraste fortement avec des pays comme la Norv\u00e8ge, o\u00f9 les anciens l\u00e9gislateurs re\u00e7oivent jusqu&rsquo;\u00e0 deux ans de salaire complet pendant leur transition vers de nouvelles carri\u00e8res.<\/p>\n<p>Ces d\u00e9fis transcendent les lignes de parti et les id\u00e9ologies politiques. L&rsquo;ancien d\u00e9put\u00e9 conservateur <b>James Moore<\/b>, qui a choisi de ne pas se repr\u00e9senter en 2015 apr\u00e8s trois mandats repr\u00e9sentant Port Moody-Coquitlam-Port Coquitlam, d\u00e9crit la transition comme \u00ab d\u00e9sorientante malgr\u00e9 son caract\u00e8re volontaire \u00bb.<\/p>\n<p>\u00ab M\u00eame quand on choisit de partir, il y a cette sensation bizarre<\/p>\n","protected":false},"excerpt":{"rendered":"<p>Le lendemain de la perte de son si\u00e8ge au Parlement, Michael Fortier s&rsquo;est retrouv\u00e9 \u00e0 fixer le plafond de sa chambre, paralys\u00e9 par une seule pens\u00e9e : \u00ab Qu&rsquo;est-ce que je fais aujourd&rsquo;hui ? \u00bb \u00ab Je me souviens d&rsquo;avoir ressenti ce vide accablant \u00bb, confie Fortier, qui a repr\u00e9sent\u00e9 la circonscription montr\u00e9alaise de Vaudreuil [&hellip;]<\/p>\n","protected":false},"author":4,"featured_media":3966,"comment_status":"open","ping_status":"open","sticky":false,"template":"","format":"standard","meta":{"footnotes":""},"categories":[143],"tags":[1596,1592,1595,1598],"ppma_author":[163],"class_list":{"0":"post-3969","1":"post","2":"type-post","3":"status-publish","4":"format-standard","5":"has-post-thumbnail","7":"category-politics-fr","8":"tag-adaptation-professionnelle","9":"tag-deputes-canadiens","10":"tag-post-mandat","11":"tag-sante-mentale-des-politiciens"},"_form":null,"_mail":null,"_mail_2":null,"_messages":null,"_additional_settings":null,"_locale":null,"_hash":null,"_wp_attached_file":null,"_wp_attachment_metadata":null,"_elementor_page_settings":null,"_menu_item_type":null,"_menu_item_menu_item_parent":null,"_menu_item_object_id":null,"_menu_item_object":null,"_menu_item_target":null,"_menu_item_classes":null,"_menu_item_xfn":null,"_menu_item_url":null,"_thumbnail_id":"3966","_wp_old_slug":null,"_oembed_aabfd980ef699725dc5d6ea0f5c5f063":null,"_oembed_time_aabfd980ef699725dc5d6ea0f5c5f063":null,"foxiz_menu_meta":null,"foxiz_user_rating":null,"_wp_attachment_image_alt":null,"ruby_tagline":null,"ruby_live_blog":null,"rank_math_primary_category":null,"_wp_attachment_context":null,"wpml_media_processed":null,"ppmacf_slug":null,"ppmacf_type":null,"ppmacf_field_status":null,"ppmacf_requirement":null,"ppmacf_social_profile":null,"ppmacf_schema_property":null,"ppmacf_rel":null,"ppmacf_target":null,"ppmacf_description":null,"ppmacf_inbuilt":null,"ppma_boxes_layout_meta_value":null,"ppma_disable_author_box":null,"_mc4wp_settings":null,"text_subscribed":null,"text_invalid_email":null,"text_required_field_missing":null,"text_already_subscribed":null,"text_error":null,"text_unsubscribed":null,"text_not_subscribed":null,"text_no_lists_selected":null,"text_updated":null,"text_spam":null,"_pingme":null,"_encloseme":"1","_wp_trash_meta_comments_status":null,"_elementor_page_assets":null,"_elementor_element_cache":null,"_wp_page_template":null,"_elementor_edit_mode":null,"_elementor_template_type":null,"foxiz_content_total_word":null,"_elementor_version":null,"_elementor_data":null,"ppma_authors_name":"Daniel Reyes","rb_global_meta":null,"_elementor_controls_usage":null,"_wp_old_date":null,"ao_post_optimize":null,"rank_math_analytic_object_id":null,"rank_math_og_content_image":null,"_edit_lock":null,"rank_math_seo_score":null,"rank_math_internal_links_processed":null,"_edit_last":null,"_wpml_word_count":"527","_wpml_location_migration_done":"1","rank_math_focus_keyword":"Anciens d\u00e9put\u00e9s canadiens : la vie apr\u00e8s la politique","rank_math_title":null,"rank_math_description":"D\u00e9couvrez comment les anciens d\u00e9put\u00e9s canadiens surmontent les d\u00e9fis \u00e9motionnels et professionnels apr\u00e8s la politique. Ces r\u00e9cits poignants r\u00e9v\u00e8lent une transition difficile.","_wpml_media_duplicate":null,"_wpml_media_featured":null,"_top_nav_excluded":null,"_cms_nav_minihome":null,"_last_translation_edit_mode":null,"_elementor_template_widget_type":null,"_elementor_popup_display_settings":null,"_wp_trash_meta_status":null,"_wp_trash_meta_time":null,"_wp_desired_post_slug":null,"_elementor_css":null,"authors":[{"term_id":163,"user_id":4,"is_guest":0,"slug":"daniel-reyes","display_name":"Daniel Reyes","avatar_url":"https:\/\/secure.gravatar.com\/avatar\/8b54ebdd8cb6160a63abf50ae59a3d03?s=96&d=mm&r=g","0":null,"1":"","2":"","3":"","4":"","5":"","6":"","7":"","8":""}],"_links":{"self":[{"href":"https:\/\/www.mediawall.news\/fr\/wp-json\/wp\/v2\/posts\/3969","targetHints":{"allow":["GET"]}}],"collection":[{"href":"https:\/\/www.mediawall.news\/fr\/wp-json\/wp\/v2\/posts"}],"about":[{"href":"https:\/\/www.mediawall.news\/fr\/wp-json\/wp\/v2\/types\/post"}],"author":[{"embeddable":true,"href":"https:\/\/www.mediawall.news\/fr\/wp-json\/wp\/v2\/users\/4"}],"replies":[{"embeddable":true,"href":"https:\/\/www.mediawall.news\/fr\/wp-json\/wp\/v2\/comments?post=3969"}],"version-history":[{"count":0,"href":"https:\/\/www.mediawall.news\/fr\/wp-json\/wp\/v2\/posts\/3969\/revisions"}],"wp:featuredmedia":[{"embeddable":true,"href":"https:\/\/www.mediawall.news\/fr\/wp-json\/wp\/v2\/media\/3966"}],"wp:attachment":[{"href":"https:\/\/www.mediawall.news\/fr\/wp-json\/wp\/v2\/media?parent=3969"}],"wp:term":[{"taxonomy":"category","embeddable":true,"href":"https:\/\/www.mediawall.news\/fr\/wp-json\/wp\/v2\/categories?post=3969"},{"taxonomy":"post_tag","embeddable":true,"href":"https:\/\/www.mediawall.news\/fr\/wp-json\/wp\/v2\/tags?post=3969"},{"taxonomy":"author","embeddable":true,"href":"https:\/\/www.mediawall.news\/fr\/wp-json\/wp\/v2\/ppma_author?post=3969"}],"curies":[{"name":"wp","href":"https:\/\/api.w.org\/{rel}","templated":true}]}}