{"id":3920,"date":"2025-05-10T03:32:41","date_gmt":"2025-05-10T07:32:41","guid":{"rendered":"https:\/\/mediawall.news\/archeveque-quebec-reconciliation-autochtone-canada\/"},"modified":"2025-05-10T03:32:41","modified_gmt":"2025-05-10T07:32:41","slug":"archeveque-quebec-reconciliation-autochtone-canada","status":"publish","type":"post","link":"https:\/\/www.mediawall.news\/fr\/archeveque-quebec-reconciliation-autochtone-canada\/","title":{"rendered":"L&rsquo;archev\u00eaque de Qu\u00e9bec esp\u00e8re que le Pape avancera la r\u00e9conciliation autochtone au Canada"},"content":{"rendered":"<article>\n<p>\n        Alors que le soleil se l\u00e8ve sur l&rsquo;horizon historique de Qu\u00e9bec, le Cardinal G\u00e9rald Cyprien Lacroix se tient \u00e0 la fen\u00eatre de son bureau, contemplant le poids de l&rsquo;histoire. Cela fait presque deux ans que le Pape Fran\u00e7ois a effectu\u00e9 son \u00ab\u00a0<strong>p\u00e8lerinage p\u00e9nitentiel<\/strong>\u00a0\u00bb au Canada, demandant pardon pour le r\u00f4le de l&rsquo;\u00c9glise catholique dans les pensionnats autochtones qui ont d\u00e9vast\u00e9 les communaut\u00e9s pendant des g\u00e9n\u00e9rations.\n    <\/p>\n<p>\n        \u00ab\u00a0Ce voyage continue,\u00a0\u00bb me confie le Cardinal Lacroix lors de notre entretien \u00e0 sa r\u00e9sidence pr\u00e8s de la <a href=\"#\">Basilique-Cath\u00e9drale Notre-Dame de Qu\u00e9bec<\/a>. \u00ab\u00a0La visite du Pape n&rsquo;\u00e9tait pas une fin\u2014c&rsquo;\u00e9tait un commencement.\u00a0\u00bb\n    <\/p>\n<p>\n        Les r\u00e9flexions du Cardinal surviennent \u00e0 un moment crucial alors que les leaders catholiques canadiens mettent en \u0153uvre les engagements pris lors de la visite historique du Pape en 2022. Ce voyage marquait la premi\u00e8re fois qu&rsquo;un pontife pr\u00e9sentait formellement des excuses en sol canadien pour le r\u00f4le de l&rsquo;\u00c9glise dans le syst\u00e8me des pensionnats qui a s\u00e9par\u00e9 quelque 150 000 enfants autochtones de leurs familles entre les ann\u00e9es 1880 et 1996.\n    <\/p>\n<p>\n        \u00ab\u00a0Quand le Pape Fran\u00e7ois s&rsquo;est agenouill\u00e9 pour baiser la main d&rsquo;Alma Desjarlais, survivante des pensionnats, \u00e0 Edmonton, ce n&rsquo;\u00e9tait pas symbolique\u2014c&rsquo;\u00e9tait une transformation en action,\u00a0\u00bb affirme Lacroix, faisant r\u00e9f\u00e9rence \u00e0 l&rsquo;un des moments les plus puissants de la visite papale. \u00ab\u00a0Maintenant, nous devons transformer ces gestes en changements durables.\u00a0\u00bb\n    <\/p>\n<p>\n        L&rsquo;Archev\u00eaque de Qu\u00e9bec expose les mesures concr\u00e8tes prises dans son archidioc\u00e8se depuis la visite papale. Son bureau a \u00e9tabli un <strong>fonds de r\u00e9conciliation<\/strong> qui a vers\u00e9 environ 320 000 $ \u00e0 des initiatives de gu\u00e9rison dirig\u00e9es par des Autochtones. Ils ont \u00e9galement lanc\u00e9 des programmes \u00e9ducatifs dans les \u00e9coles catholiques abordant l&rsquo;histoire des pensionnats et se sont associ\u00e9s aux a\u00een\u00e9s de la <a href=\"#\">Nation huronne-wendat<\/a> pour offrir une formation sur la sensibilisation culturelle au clerg\u00e9.\n    <\/p>\n<p>\n        Ces efforts refl\u00e8tent un \u00e9quilibre d\u00e9licat au Qu\u00e9bec, o\u00f9 le patrimoine catholique de la province demeure important malgr\u00e9 la baisse de la fr\u00e9quentation des \u00e9glises. Des chiffres r\u00e9cents de <a href=\"#\">Statistique Canada<\/a> montrent que la fr\u00e9quentation hebdomadaire de la messe au Qu\u00e9bec n&rsquo;est que de 14 %, comparativement \u00e0 90 % au d\u00e9but des ann\u00e9es 1960\u2014pourtant, 53 % s&rsquo;identifient toujours comme catholiques.\n    <\/p>\n<p>\n        Wilton Littlechild, ancien commissaire de la <a href=\"#\">Commission de v\u00e9rit\u00e9 et r\u00e9conciliation<\/a> qui a accueilli le Pape \u00e0 Maskwacis, en Alberta, appr\u00e9cie les initiatives qu\u00e9b\u00e9coises mais souligne la n\u00e9cessit\u00e9 d&rsquo;en faire davantage. \u00ab\u00a0Le travail du Cardinal Lacroix repr\u00e9sente un bon progr\u00e8s, mais la r\u00e9conciliation exige un engagement soutenu sur plusieurs g\u00e9n\u00e9rations,\u00a0\u00bb explique Littlechild par t\u00e9l\u00e9phone. \u00ab\u00a0Chaque dioc\u00e8se doit aborder cette question localement tout en comprenant qu&rsquo;il s&rsquo;agit d&rsquo;un parcours de gu\u00e9rison national.\u00a0\u00bb\n    <\/p>\n<p>\n        Le travail de r\u00e9conciliation survient dans une p\u00e9riode difficile pour l&rsquo;\u00c9glise catholique du Qu\u00e9bec. L&rsquo;archidioc\u00e8se a r\u00e9cemment annonc\u00e9 une<\/p>\n","protected":false},"excerpt":{"rendered":"<p>Alors que le soleil se l\u00e8ve sur l&rsquo;horizon historique de Qu\u00e9bec, le Cardinal G\u00e9rald Cyprien Lacroix se tient \u00e0 la fen\u00eatre de son bureau, contemplant le poids de l&rsquo;histoire. Cela fait presque deux ans que le Pape Fran\u00e7ois a effectu\u00e9 son \u00ab\u00a0p\u00e8lerinage p\u00e9nitentiel\u00a0\u00bb au Canada, demandant pardon pour le r\u00f4le de l&rsquo;\u00c9glise catholique dans les [&hellip;]<\/p>\n","protected":false},"author":4,"featured_media":3918,"comment_status":"open","ping_status":"open","sticky":false,"template":"","format":"standard","meta":{"footnotes":""},"categories":[131],"tags":[1534,1536,1535,1537,1533],"ppma_author":[163],"class_list":{"0":"post-3920","1":"post","2":"type-post","3":"status-publish","4":"format-standard","5":"has-post-thumbnail","7":"category-canada-fr","8":"tag-cardinal-lacroix","9":"tag-eglise-catholique","10":"tag-pape-francois","11":"tag-pensionnats-autochtones","12":"tag-reconciliation-autochtone"},"_form":null,"_mail":null,"_mail_2":null,"_messages":null,"_additional_settings":null,"_locale":null,"_hash":null,"_wp_attached_file":null,"_wp_attachment_metadata":null,"_elementor_page_settings":null,"_menu_item_type":null,"_menu_item_menu_item_parent":null,"_menu_item_object_id":null,"_menu_item_object":null,"_menu_item_target":null,"_menu_item_classes":null,"_menu_item_xfn":null,"_menu_item_url":null,"_thumbnail_id":"3918","_wp_old_slug":null,"_oembed_aabfd980ef699725dc5d6ea0f5c5f063":null,"_oembed_time_aabfd980ef699725dc5d6ea0f5c5f063":null,"foxiz_menu_meta":null,"foxiz_user_rating":null,"_wp_attachment_image_alt":null,"ruby_tagline":null,"ruby_live_blog":null,"rank_math_primary_category":null,"_wp_attachment_context":null,"wpml_media_processed":null,"ppmacf_slug":null,"ppmacf_type":null,"ppmacf_field_status":null,"ppmacf_requirement":null,"ppmacf_social_profile":null,"ppmacf_schema_property":null,"ppmacf_rel":null,"ppmacf_target":null,"ppmacf_description":null,"ppmacf_inbuilt":null,"ppma_boxes_layout_meta_value":null,"ppma_disable_author_box":null,"_mc4wp_settings":null,"text_subscribed":null,"text_invalid_email":null,"text_required_field_missing":null,"text_already_subscribed":null,"text_error":null,"text_unsubscribed":null,"text_not_subscribed":null,"text_no_lists_selected":null,"text_updated":null,"text_spam":null,"_pingme":null,"_encloseme":null,"_wp_trash_meta_comments_status":null,"_elementor_page_assets":null,"_elementor_element_cache":null,"_wp_page_template":null,"_elementor_edit_mode":null,"_elementor_template_type":null,"foxiz_content_total_word":null,"_elementor_version":null,"_elementor_data":null,"ppma_authors_name":"Daniel Reyes","rb_global_meta":null,"_elementor_controls_usage":null,"_wp_old_date":null,"ao_post_optimize":null,"rank_math_analytic_object_id":null,"rank_math_og_content_image":null,"_edit_lock":null,"rank_math_seo_score":null,"rank_math_internal_links_processed":null,"_edit_last":null,"_wpml_word_count":"534","_wpml_location_migration_done":"1","rank_math_focus_keyword":"Pape r\u00e9conciliation autochtone Canada","rank_math_title":null,"rank_math_description":"L'archev\u00eaque de Qu\u00e9bec esp\u00e8re que le Pape avancera la r\u00e9conciliation autochtone, soulignant les efforts locaux pour transformer les excuses en actions concr\u00e8tes.","_wpml_media_duplicate":null,"_wpml_media_featured":null,"_top_nav_excluded":null,"_cms_nav_minihome":null,"_last_translation_edit_mode":null,"_elementor_template_widget_type":null,"_elementor_popup_display_settings":null,"_wp_trash_meta_status":null,"_wp_trash_meta_time":null,"_wp_desired_post_slug":null,"_elementor_css":null,"authors":[{"term_id":163,"user_id":4,"is_guest":0,"slug":"daniel-reyes","display_name":"Daniel Reyes","avatar_url":"https:\/\/secure.gravatar.com\/avatar\/8b54ebdd8cb6160a63abf50ae59a3d03?s=96&d=mm&r=g","0":null,"1":"","2":"","3":"","4":"","5":"","6":"","7":"","8":""}],"_links":{"self":[{"href":"https:\/\/www.mediawall.news\/fr\/wp-json\/wp\/v2\/posts\/3920","targetHints":{"allow":["GET"]}}],"collection":[{"href":"https:\/\/www.mediawall.news\/fr\/wp-json\/wp\/v2\/posts"}],"about":[{"href":"https:\/\/www.mediawall.news\/fr\/wp-json\/wp\/v2\/types\/post"}],"author":[{"embeddable":true,"href":"https:\/\/www.mediawall.news\/fr\/wp-json\/wp\/v2\/users\/4"}],"replies":[{"embeddable":true,"href":"https:\/\/www.mediawall.news\/fr\/wp-json\/wp\/v2\/comments?post=3920"}],"version-history":[{"count":0,"href":"https:\/\/www.mediawall.news\/fr\/wp-json\/wp\/v2\/posts\/3920\/revisions"}],"wp:featuredmedia":[{"embeddable":true,"href":"https:\/\/www.mediawall.news\/fr\/wp-json\/wp\/v2\/media\/3918"}],"wp:attachment":[{"href":"https:\/\/www.mediawall.news\/fr\/wp-json\/wp\/v2\/media?parent=3920"}],"wp:term":[{"taxonomy":"category","embeddable":true,"href":"https:\/\/www.mediawall.news\/fr\/wp-json\/wp\/v2\/categories?post=3920"},{"taxonomy":"post_tag","embeddable":true,"href":"https:\/\/www.mediawall.news\/fr\/wp-json\/wp\/v2\/tags?post=3920"},{"taxonomy":"author","embeddable":true,"href":"https:\/\/www.mediawall.news\/fr\/wp-json\/wp\/v2\/ppma_author?post=3920"}],"curies":[{"name":"wp","href":"https:\/\/api.w.org\/{rel}","templated":true}]}}