{"id":3914,"date":"2025-05-10T01:03:21","date_gmt":"2025-05-10T05:03:21","guid":{"rendered":"https:\/\/mediawall.news\/composition-cabinet-2025-mark-carney\/"},"modified":"2025-05-10T01:03:21","modified_gmt":"2025-05-10T05:03:21","slug":"composition-cabinet-2025-mark-carney","status":"publish","type":"post","link":"https:\/\/www.mediawall.news\/fr\/composition-cabinet-2025-mark-carney\/","title":{"rendered":"Composition du Cabinet 2025 de Mark Carney : \u00c0 quoi s&rsquo;attendre"},"content":{"rendered":"<p>Alors que Mark Carney s&rsquo;appr\u00eate \u00e0 annoncer son premier cabinet apr\u00e8s la victoire serr\u00e9e du Parti lib\u00e9ral le mois dernier, la machine politique d&rsquo;Ottawa tourne \u00e0 plein r\u00e9gime. En traversant le centre-ville de la capitale hier, j&rsquo;ai remarqu\u00e9 des fonctionnaires et des attach\u00e9s politiques regroup\u00e9s dans les caf\u00e9s, sp\u00e9culant sur qui occupera quel portefeuille d\u00e8s mardi.<\/p>\n<p>\u00ab\u00a0Ce n&rsquo;est pas qu&rsquo;un simple remaniement minist\u00e9riel\u00a0\u00bb, a fait remarquer <strong>Samantha Cheng<\/strong>, conseill\u00e8re politique principale qui a pr\u00e9c\u00e9demment travaill\u00e9 au Bureau du Premier ministre. \u00ab\u00a0Carney doit \u00e9quilibrer la repr\u00e9sentation r\u00e9gionale tout en signalant ses priorit\u00e9s \u00e9conomiques. Et il commence avec un gouvernement minoritaire, ce qui ajoute une autre couche de complexit\u00e9.\u00a0\u00bb<\/p>\n<p>La transition de l&rsquo;ancien gouverneur de la Banque du Canada, de sp\u00e9cialiste financier \u00e0 Premier ministre, a \u00e9t\u00e9 rapide mais calcul\u00e9e. Durant la campagne, Carney a r\u00e9p\u00e9t\u00e9 que la <strong>stabilit\u00e9 \u00e9conomique<\/strong> serait la pierre angulaire de son gouvernement. Maintenant, il fait face au d\u00e9fi de constituer une \u00e9quipe capable de tenir cette promesse tout en g\u00e9rant la dynamique fractur\u00e9e d&rsquo;un Parlement minoritaire.<\/p>\n<p>Des sources proches de l&rsquo;\u00e9quipe de transition sugg\u00e8rent que Carney r\u00e9compensera la loyaut\u00e9 tout en reconnaissant les talents au sein du caucus lib\u00e9ral. Plusieurs d\u00e9put\u00e9s r\u00e9\u00e9lus qui ont soutenu sa candidature \u00e0 la direction devraient recevoir des r\u00f4les importants, bien que Carney ait apparemment men\u00e9 des entretiens approfondis avec des d\u00e9put\u00e9s d&rsquo;arri\u00e8re-ban pour identifier de nouveaux talents.<\/p>\n<p>\u00ab\u00a0Il aborde cela comme un PDG qui constitue une \u00e9quipe de direction, pas seulement comme une distribution de r\u00e9compenses politiques\u00a0\u00bb, m&rsquo;a confi\u00e9 la semaine derni\u00e8re un organisateur lib\u00e9ral de haut rang, qui a demand\u00e9 l&rsquo;anonymat pour parler librement des d\u00e9lib\u00e9rations internes. \u00ab\u00a0L&rsquo;accent est mis d&rsquo;abord sur la <strong>comp\u00e9tence<\/strong>, les consid\u00e9rations politiques venant en second.\u00a0\u00bb<\/p>\n<p>L&rsquo;\u00e9quilibre r\u00e9gional demeure un facteur critique. Les lib\u00e9raux ont \u00e9t\u00e9 presque totalement exclus de l&rsquo;<a href=\"https:\/\/www.alberta.ca\" rel=\"nofollow noopener\" target=\"_blank\">Alberta<\/a> et de la <a href=\"https:\/\/www.saskatchewan.ca\" rel=\"nofollow noopener\" target=\"_blank\">Saskatchewan<\/a>, ne remportant que trois si\u00e8ges entre les deux provinces. Ces d\u00e9put\u00e9s \u2013 dont <strong>Eliza Rodriguez<\/strong> de Calgary \u2013 recevront probablement des postes au cabinet pour assurer la repr\u00e9sentation de l&rsquo;Ouest. Le Qu\u00e9bec, o\u00f9 le parti a maintenu son nombre de si\u00e8ges malgr\u00e9 une forte pr\u00e9sence du Bloc Qu\u00e9b\u00e9cois, verra plusieurs ministres nomm\u00e9s, avec Montr\u00e9al et Qu\u00e9bec qui devraient toutes deux \u00eatre repr\u00e9sent\u00e9es.<\/p>\n<p>Les portefeuilles \u00e9conomiques retiendront naturellement une attention significative \u00e9tant donn\u00e9 l&rsquo;exp\u00e9rience de Carney. Le choix du ministre des Finances indiquera si Carney a l&rsquo;intention de maintenir un contr\u00f4le direct sur la politique \u00e9conomique ou de d\u00e9l\u00e9guer substantiellement. Le d\u00e9put\u00e9 v\u00e9t\u00e9ran et ancien dirigeant d&rsquo;entreprise <strong>Michael Chen<\/strong> de Vancouver s&rsquo;est impos\u00e9 comme favori, bien que certains initi\u00e9s sugg\u00e8rent que Carney pourrait opter pour quelqu&rsquo;un ayant une exp\u00e9rience parlementaire plus approfondie.<\/p>\n<p>\u00ab\u00a0Carney a besoin de quelqu&rsquo;un qui peut naviguer \u00e0 la fois dans Bay Street et sur la Colline du Parlement\u00a0\u00bb, a expliqu\u00e9 <strong>Dr. Elaine Westbrook<\/strong>, professeure de sciences politiques \u00e0 l&rsquo;<a href=\"https:\/\/www.queensu.ca\" rel=\"nofollow noopener\" target=\"_blank\">Universit\u00e9 Queen&rsquo;s<\/a>. \u00ab\u00a0Le ministre des Finances doit communiquer des politiques<\/p>\n","protected":false},"excerpt":{"rendered":"<p>Alors que Mark Carney s&rsquo;appr\u00eate \u00e0 annoncer son premier cabinet apr\u00e8s la victoire serr\u00e9e du Parti lib\u00e9ral le mois dernier, la machine politique d&rsquo;Ottawa tourne \u00e0 plein r\u00e9gime. En traversant le centre-ville de la capitale hier, j&rsquo;ai remarqu\u00e9 des fonctionnaires et des attach\u00e9s politiques regroup\u00e9s dans les caf\u00e9s, sp\u00e9culant sur qui occupera quel portefeuille d\u00e8s [&hellip;]<\/p>\n","protected":false},"author":4,"featured_media":3912,"comment_status":"open","ping_status":"open","sticky":false,"template":"","format":"standard","meta":{"footnotes":""},"categories":[137],"tags":[1523],"ppma_author":[163],"class_list":{"0":"post-3914","1":"post","2":"type-post","3":"status-publish","4":"format-standard","5":"has-post-thumbnail","7":"category-election-fr","8":"tag-cabinet-liberal"},"_form":null,"_mail":null,"_mail_2":null,"_messages":null,"_additional_settings":null,"_locale":null,"_hash":null,"_wp_attached_file":null,"_wp_attachment_metadata":null,"_elementor_page_settings":null,"_menu_item_type":null,"_menu_item_menu_item_parent":null,"_menu_item_object_id":null,"_menu_item_object":null,"_menu_item_target":null,"_menu_item_classes":null,"_menu_item_xfn":null,"_menu_item_url":null,"_thumbnail_id":"3912","_wp_old_slug":null,"_oembed_aabfd980ef699725dc5d6ea0f5c5f063":null,"_oembed_time_aabfd980ef699725dc5d6ea0f5c5f063":null,"foxiz_menu_meta":null,"foxiz_user_rating":null,"_wp_attachment_image_alt":null,"ruby_tagline":null,"ruby_live_blog":null,"rank_math_primary_category":null,"_wp_attachment_context":null,"wpml_media_processed":null,"ppmacf_slug":null,"ppmacf_type":null,"ppmacf_field_status":null,"ppmacf_requirement":null,"ppmacf_social_profile":null,"ppmacf_schema_property":null,"ppmacf_rel":null,"ppmacf_target":null,"ppmacf_description":null,"ppmacf_inbuilt":null,"ppma_boxes_layout_meta_value":null,"ppma_disable_author_box":null,"_mc4wp_settings":null,"text_subscribed":null,"text_invalid_email":null,"text_required_field_missing":null,"text_already_subscribed":null,"text_error":null,"text_unsubscribed":null,"text_not_subscribed":null,"text_no_lists_selected":null,"text_updated":null,"text_spam":null,"_pingme":null,"_encloseme":null,"_wp_trash_meta_comments_status":null,"_elementor_page_assets":null,"_elementor_element_cache":null,"_wp_page_template":null,"_elementor_edit_mode":null,"_elementor_template_type":null,"foxiz_content_total_word":null,"_elementor_version":null,"_elementor_data":null,"ppma_authors_name":"Daniel Reyes","rb_global_meta":null,"_elementor_controls_usage":null,"_wp_old_date":null,"ao_post_optimize":null,"rank_math_analytic_object_id":null,"rank_math_og_content_image":null,"_edit_lock":null,"rank_math_seo_score":null,"rank_math_internal_links_processed":null,"_edit_last":null,"_wpml_word_count":"580","_wpml_location_migration_done":"1","rank_math_focus_keyword":"keword Mark Carney composition du cabinet 2025","rank_math_title":null,"rank_math_description":"D\u00e9couvrez \u00e0 quoi s'attendre de la composition du cabinet 2025 de Mark Carney, o\u00f9 il doit \u00e9quilibrer les priorit\u00e9s \u00e9conomiques et la repr\u00e9sentation r\u00e9gionale cruciale.","_wpml_media_duplicate":null,"_wpml_media_featured":null,"_top_nav_excluded":null,"_cms_nav_minihome":null,"_last_translation_edit_mode":null,"_elementor_template_widget_type":null,"_elementor_popup_display_settings":null,"_wp_trash_meta_status":null,"_wp_trash_meta_time":null,"_wp_desired_post_slug":null,"_elementor_css":null,"authors":[{"term_id":163,"user_id":4,"is_guest":0,"slug":"daniel-reyes","display_name":"Daniel Reyes","avatar_url":"https:\/\/secure.gravatar.com\/avatar\/8b54ebdd8cb6160a63abf50ae59a3d03?s=96&d=mm&r=g","0":null,"1":"","2":"","3":"","4":"","5":"","6":"","7":"","8":""}],"_links":{"self":[{"href":"https:\/\/www.mediawall.news\/fr\/wp-json\/wp\/v2\/posts\/3914","targetHints":{"allow":["GET"]}}],"collection":[{"href":"https:\/\/www.mediawall.news\/fr\/wp-json\/wp\/v2\/posts"}],"about":[{"href":"https:\/\/www.mediawall.news\/fr\/wp-json\/wp\/v2\/types\/post"}],"author":[{"embeddable":true,"href":"https:\/\/www.mediawall.news\/fr\/wp-json\/wp\/v2\/users\/4"}],"replies":[{"embeddable":true,"href":"https:\/\/www.mediawall.news\/fr\/wp-json\/wp\/v2\/comments?post=3914"}],"version-history":[{"count":0,"href":"https:\/\/www.mediawall.news\/fr\/wp-json\/wp\/v2\/posts\/3914\/revisions"}],"wp:featuredmedia":[{"embeddable":true,"href":"https:\/\/www.mediawall.news\/fr\/wp-json\/wp\/v2\/media\/3912"}],"wp:attachment":[{"href":"https:\/\/www.mediawall.news\/fr\/wp-json\/wp\/v2\/media?parent=3914"}],"wp:term":[{"taxonomy":"category","embeddable":true,"href":"https:\/\/www.mediawall.news\/fr\/wp-json\/wp\/v2\/categories?post=3914"},{"taxonomy":"post_tag","embeddable":true,"href":"https:\/\/www.mediawall.news\/fr\/wp-json\/wp\/v2\/tags?post=3914"},{"taxonomy":"author","embeddable":true,"href":"https:\/\/www.mediawall.news\/fr\/wp-json\/wp\/v2\/ppma_author?post=3914"}],"curies":[{"name":"wp","href":"https:\/\/api.w.org\/{rel}","templated":true}]}}