{"id":3806,"date":"2025-05-09T07:32:55","date_gmt":"2025-05-09T11:32:55","guid":{"rendered":"https:\/\/mediawall.news\/politique-armes-feu-logements-accompagnement-victoria\/"},"modified":"2025-05-09T07:32:55","modified_gmt":"2025-05-09T11:32:55","slug":"politique-armes-feu-logements-accompagnement-victoria","status":"publish","type":"post","link":"https:\/\/www.mediawall.news\/fr\/politique-armes-feu-logements-accompagnement-victoria\/","title":{"rendered":"D\u00e9bat sur la politique des armes \u00e0 feu dans les logements d&rsquo;accompagnement de Victoria apr\u00e8s un d\u00e9c\u00e8s"},"content":{"rendered":"<p>Le r\u00e9cent d\u00e9c\u00e8s survenu dans un \u00e9tablissement de logement supervis\u00e9 \u00e0 Victoria a d\u00e9clench\u00e9 un vif d\u00e9bat concernant la s\u00e9curit\u00e9 des r\u00e9sidents et l&rsquo;\u00e9quilibre complexe entre autonomie et protection. La police a r\u00e9pondu \u00e0 un appel dimanche matin dans un immeuble financ\u00e9 par BC Housing sur la rue Johnson, d\u00e9couvrant une personne d\u00e9c\u00e9d\u00e9e dont la mort a \u00e9t\u00e9 qualifi\u00e9e de \u00ab\u00a0<strong>suspecte<\/strong>\u00ab\u00a0.<\/p>\n<p>Pour des r\u00e9sidents comme Marcus Fernwood, qui habite dans un logement supervis\u00e9 depuis trois ans, cet incident confirme des pr\u00e9occupations de longue date. \u00ab\u00a0Nous signalons aux administrateurs la pr\u00e9sence d&rsquo;objets dangereux dans l&rsquo;immeuble depuis des mois,\u00a0\u00bb m&rsquo;a-t-il confi\u00e9 lors d&rsquo;une r\u00e9union communautaire hier. \u00ab\u00a0Quand on essaie de se remettre sur pied, se sentir en s\u00e9curit\u00e9 ne devrait pas \u00eatre optionnel.\u00a0\u00bb<\/p>\n<p>Cette trag\u00e9die survient alors que les fournisseurs de logements de Victoria naviguent en terrain difficile. <a href=\"https:\/\/www.bchousing.org\" rel=\"nofollow noopener\" target=\"_blank\">BC Housing<\/a> exploite actuellement 27 immeubles de logement supervis\u00e9 dans le District r\u00e9gional de la Capitale, servant plus de <strong>1 200 personnes<\/strong> anciennement sans abri. Leur mod\u00e8le met l&rsquo;accent sur la r\u00e9duction des m\u00e9faits et la dignit\u00e9 des r\u00e9sidents\u2014des principes maintenant soumis \u00e0 un examen intense.<\/p>\n<p>La controverse se concentre sur les politiques concernant les armes. Les directives actuelles interdisent les armes \u00e0 feu mais adoptent une approche plus nuanc\u00e9e envers les objets comme les couteaux, les outils et autres armes potentielles. Les d\u00e9fenseurs du logement maintiennent que cette flexibilit\u00e9 respecte l&rsquo;autonomie des r\u00e9sidents et reconna\u00eet que beaucoup utilisent ces objets \u00e0 des fins l\u00e9gitimes.<\/p>\n<p>\u00ab\u00a0Nous marchons sur une corde raide,\u00a0\u00bb explique la ministre du D\u00e9veloppement social Grace Patterson. \u00ab\u00a0Ces immeubles h\u00e9bergent des personnes qui ont v\u00e9cu des traumatismes importants. Une application trop s\u00e9v\u00e8re des r\u00e8gles peut raviver des exp\u00e9riences pass\u00e9es avec l&rsquo;autorit\u00e9 et potentiellement \u00e9loigner des r\u00e9sidents vuln\u00e9rables des services m\u00eames con\u00e7us pour les aider.\u00a0\u00bb<\/p>\n<p>Les donn\u00e9es provinciales montrent que le logement supervis\u00e9 a r\u00e9duit l&rsquo;itin\u00e9rance de <strong>43%<\/strong> depuis 2018. Cependant, des rapports d&rsquo;incidents obtenus gr\u00e2ce aux demandes d&rsquo;acc\u00e8s \u00e0 l&rsquo;information r\u00e9v\u00e8lent des tendances pr\u00e9occupantes\u2014les altercations violentes ont augment\u00e9 de 27% au cours des deux derni\u00e8res ann\u00e9es dans le r\u00e9seau de logements supervis\u00e9s de Victoria.<\/p>\n<p>La pr\u00e9sence polici\u00e8re dans ces \u00e9tablissements a \u00e9galement augment\u00e9. Les statistiques du <a href=\"https:\/\/vicpd.ca\" rel=\"nofollow noopener\" target=\"_blank\">Service de police de Victoria<\/a> indiquent que les agents ont r\u00e9pondu \u00e0 318 appels dans des immeubles de logement supervis\u00e9 au dernier trimestre seulement, repr\u00e9sentant une augmentation de 19% par rapport \u00e0 l&rsquo;ann\u00e9e pr\u00e9c\u00e9dente. La chef adjointe Sarah Collins explique le d\u00e9fi: \u00ab\u00a0Ce ne sont pas simplement des probl\u00e8mes d&rsquo;application de la loi. Ce sont des sympt\u00f4mes de besoins sociaux et de sant\u00e9 plus profonds qui ne sont pas ad\u00e9quatement trait\u00e9s.\u00a0\u00bb<\/p>\n<p>Pour les r\u00e9sidents du quartier, la patience s&rsquo;amenuise. L&rsquo;Association communautaire de la rue Gordon a recueilli plus de 400 signatures exigeant des mesures de s\u00e9curit\u00e9 renforc\u00e9es apr\u00e8s avoir signal\u00e9 plusieurs incidents de comportements mena\u00e7ants de la part de r\u00e9sidents des logements supervis\u00e9s.<\/p>\n<p>\u00ab\u00a0Nous soutenons le logement pour personnes vuln\u00e9rables, point final,\u00a0\u00bb d\u00e9clare Kim Wayland, pr\u00e9sidente de l&rsquo;Association. \u00a0\u00bb<\/p>\n","protected":false},"excerpt":{"rendered":"<p>Le r\u00e9cent d\u00e9c\u00e8s survenu dans un \u00e9tablissement de logement supervis\u00e9 \u00e0 Victoria a d\u00e9clench\u00e9 un vif d\u00e9bat concernant la s\u00e9curit\u00e9 des r\u00e9sidents et l&rsquo;\u00e9quilibre complexe entre autonomie et protection. La police a r\u00e9pondu \u00e0 un appel dimanche matin dans un immeuble financ\u00e9 par BC Housing sur la rue Johnson, d\u00e9couvrant une personne d\u00e9c\u00e9d\u00e9e dont la [&hellip;]<\/p>\n","protected":false},"author":4,"featured_media":3804,"comment_status":"open","ping_status":"open","sticky":false,"template":"","format":"standard","meta":{"footnotes":""},"categories":[144],"tags":[1415,1413,1416,1414],"ppma_author":[163],"class_list":{"0":"post-3806","1":"post","2":"type-post","3":"status-publish","4":"format-standard","5":"has-post-thumbnail","7":"category-society-fr","8":"tag-itinerance","9":"tag-logement-supervise","10":"tag-politique-sociale","11":"tag-victoria-bc"},"_form":null,"_mail":null,"_mail_2":null,"_messages":null,"_additional_settings":null,"_locale":null,"_hash":null,"_wp_attached_file":null,"_wp_attachment_metadata":null,"_elementor_page_settings":null,"_menu_item_type":null,"_menu_item_menu_item_parent":null,"_menu_item_object_id":null,"_menu_item_object":null,"_menu_item_target":null,"_menu_item_classes":null,"_menu_item_xfn":null,"_menu_item_url":null,"_thumbnail_id":"3804","_wp_old_slug":null,"_oembed_aabfd980ef699725dc5d6ea0f5c5f063":null,"_oembed_time_aabfd980ef699725dc5d6ea0f5c5f063":null,"foxiz_menu_meta":null,"foxiz_user_rating":null,"_wp_attachment_image_alt":null,"ruby_tagline":null,"ruby_live_blog":null,"rank_math_primary_category":null,"_wp_attachment_context":null,"wpml_media_processed":null,"ppmacf_slug":null,"ppmacf_type":null,"ppmacf_field_status":null,"ppmacf_requirement":null,"ppmacf_social_profile":null,"ppmacf_schema_property":null,"ppmacf_rel":null,"ppmacf_target":null,"ppmacf_description":null,"ppmacf_inbuilt":null,"ppma_boxes_layout_meta_value":null,"ppma_disable_author_box":null,"_mc4wp_settings":null,"text_subscribed":null,"text_invalid_email":null,"text_required_field_missing":null,"text_already_subscribed":null,"text_error":null,"text_unsubscribed":null,"text_not_subscribed":null,"text_no_lists_selected":null,"text_updated":null,"text_spam":null,"_pingme":null,"_encloseme":null,"_wp_trash_meta_comments_status":null,"_elementor_page_assets":null,"_elementor_element_cache":null,"_wp_page_template":null,"_elementor_edit_mode":null,"_elementor_template_type":null,"foxiz_content_total_word":null,"_elementor_version":null,"_elementor_data":null,"ppma_authors_name":"Daniel Reyes","rb_global_meta":null,"_elementor_controls_usage":null,"_wp_old_date":null,"ao_post_optimize":null,"rank_math_analytic_object_id":null,"rank_math_og_content_image":null,"_edit_lock":null,"rank_math_seo_score":null,"rank_math_internal_links_processed":null,"_edit_last":null,"_wpml_word_count":"596","_wpml_location_migration_done":"1","rank_math_focus_keyword":"Politique sur les armes \u00e0 feu dans les logements d'accompagnement de Victoria","rank_math_title":null,"rank_math_description":"Un d\u00e9c\u00e8s \u00e0 Victoria relance le d\u00e9bat sur la politique des armes \u00e0 feu dans les logements supervis\u00e9s. Les r\u00e9sidents s'inqui\u00e8tent pour leur s\u00e9curit\u00e9 et appellent \u00e0 des r\u00e9formes.","_wpml_media_duplicate":null,"_wpml_media_featured":null,"_top_nav_excluded":null,"_cms_nav_minihome":null,"_last_translation_edit_mode":null,"_elementor_template_widget_type":null,"_elementor_popup_display_settings":null,"_wp_trash_meta_status":null,"_wp_trash_meta_time":null,"_wp_desired_post_slug":null,"_elementor_css":null,"authors":[{"term_id":163,"user_id":4,"is_guest":0,"slug":"daniel-reyes","display_name":"Daniel Reyes","avatar_url":"https:\/\/secure.gravatar.com\/avatar\/8b54ebdd8cb6160a63abf50ae59a3d03?s=96&d=mm&r=g","0":null,"1":"","2":"","3":"","4":"","5":"","6":"","7":"","8":""}],"_links":{"self":[{"href":"https:\/\/www.mediawall.news\/fr\/wp-json\/wp\/v2\/posts\/3806","targetHints":{"allow":["GET"]}}],"collection":[{"href":"https:\/\/www.mediawall.news\/fr\/wp-json\/wp\/v2\/posts"}],"about":[{"href":"https:\/\/www.mediawall.news\/fr\/wp-json\/wp\/v2\/types\/post"}],"author":[{"embeddable":true,"href":"https:\/\/www.mediawall.news\/fr\/wp-json\/wp\/v2\/users\/4"}],"replies":[{"embeddable":true,"href":"https:\/\/www.mediawall.news\/fr\/wp-json\/wp\/v2\/comments?post=3806"}],"version-history":[{"count":0,"href":"https:\/\/www.mediawall.news\/fr\/wp-json\/wp\/v2\/posts\/3806\/revisions"}],"wp:featuredmedia":[{"embeddable":true,"href":"https:\/\/www.mediawall.news\/fr\/wp-json\/wp\/v2\/media\/3804"}],"wp:attachment":[{"href":"https:\/\/www.mediawall.news\/fr\/wp-json\/wp\/v2\/media?parent=3806"}],"wp:term":[{"taxonomy":"category","embeddable":true,"href":"https:\/\/www.mediawall.news\/fr\/wp-json\/wp\/v2\/categories?post=3806"},{"taxonomy":"post_tag","embeddable":true,"href":"https:\/\/www.mediawall.news\/fr\/wp-json\/wp\/v2\/tags?post=3806"},{"taxonomy":"author","embeddable":true,"href":"https:\/\/www.mediawall.news\/fr\/wp-json\/wp\/v2\/ppma_author?post=3806"}],"curies":[{"name":"wp","href":"https:\/\/api.w.org\/{rel}","templated":true}]}}