{"id":23292,"date":"2025-11-23T17:07:29","date_gmt":"2025-11-23T21:07:29","guid":{"rendered":"https:\/\/mediawall.news\/carney-politique-etrangere-canada-egalite-sexes\/"},"modified":"2025-11-23T17:07:39","modified_gmt":"2025-11-23T21:07:39","slug":"carney-politique-etrangere-canada-egalite-sexes","status":"publish","type":"post","link":"https:\/\/www.mediawall.news\/fr\/carney-politique-etrangere-canada-egalite-sexes\/","title":{"rendered":"Carney Red\u00e9finit la Politique \u00c9trang\u00e8re du Canada et l&rsquo;\u00c9galit\u00e9 des Sexes"},"content":{"rendered":"<article>\n<p>L&rsquo;annonce r\u00e9cente de <strong>Mark Carney<\/strong> signalant un recalibrage de l&rsquo;approche canadienne en mati\u00e8re de politique \u00e9trang\u00e8re f\u00e9ministe a suscit\u00e9 un d\u00e9bat dans le paysage politique d&rsquo;Ottawa. L&rsquo;ancien gouverneur de la Banque du Canada, d\u00e9sormais architecte cl\u00e9 des politiques du Parti lib\u00e9ral, a esquiss\u00e9 une \u00e9volution pragmatique plut\u00f4t qu&rsquo;un abandon des principes d&rsquo;\u00e9galit\u00e9 des genres dans les relations internationales.<\/p>\n<p>Lors d&rsquo;un d\u00e9jeuner du Club canadien hier, Carney a soulign\u00e9 que les consid\u00e9rations de genre resteraient \u00ab\u00a0<strong>int\u00e9gr\u00e9es dans tout ce que nous faisons<\/strong>\u00ab\u00a0, mais a sugg\u00e9r\u00e9 que la terminologie et la mise en \u0153uvre \u00e9volueraient vers des r\u00e9sultats plus mesurables. Ce changement repr\u00e9sente un ajustement subtil mais significatif d&rsquo;une initiative phare introduite sous le gouvernement du premier ministre Justin Trudeau en 2017.<\/p>\n<p>\u00ab\u00a0Il ne s&rsquo;agit pas de reculer sur nos valeurs\u00a0\u00bb, a d\u00e9clar\u00e9 Carney \u00e0 l&rsquo;audience compos\u00e9e de leaders d&rsquo;affaires et de politiques. \u00ab\u00a0Il s&rsquo;agit de garantir que notre approche livre des r\u00e9sultats tangibles pour les femmes et les filles dans les zones de conflit et les \u00e9conomies en d\u00e9veloppement tout en maintenant des relations solides avec nos alli\u00e9s.\u00a0\u00bb<\/p>\n<p>Le cadre actuel de politique \u00e9trang\u00e8re f\u00e9ministe a canalis\u00e9 environ <strong>650 millions de dollars<\/strong> vers des initiatives internationales d&rsquo;\u00e9galit\u00e9 des genres depuis sa cr\u00e9ation, selon les donn\u00e9es d&rsquo;Affaires mondiales Canada. Les projets vont du soutien \u00e0 l&rsquo;entrepreneuriat f\u00e9minin en Asie du Sud-Est \u00e0 la lutte contre la violence bas\u00e9e sur le genre dans les crises humanitaires.<\/p>\n<p>Les r\u00e9actions politiques ont \u00e9t\u00e9, comme on pouvait s&rsquo;y attendre, divis\u00e9es. Le critique conservateur des affaires \u00e9trang\u00e8res Michael Chong a salu\u00e9 ce changement, qualifiant l&rsquo;approche actuelle de \u00ab\u00a0plus symbolique que substantielle\u00a0\u00bb. Pendant ce temps, le chef du NPD Jagmeet Singh a exprim\u00e9 son inqui\u00e9tude quant aux coupes potentielles dans les programmes internationaux ax\u00e9s sur les femmes, mettant en garde contre \u00ab\u00a0un changement d&rsquo;image qui masque un recul des engagements en mati\u00e8re d&rsquo;\u00e9galit\u00e9 des genres.\u00a0\u00bb<\/p>\n<p>Pour Sarah Davidson, directrice du Centre pour la gouvernance mondiale \u00e0 l&rsquo;Universit\u00e9 d&rsquo;Ottawa, ce recalibrage refl\u00e8te des tensions plus larges dans la politique \u00e9trang\u00e8re canadienne. \u00ab\u00a0Les lib\u00e9raux tentent de naviguer entre des priorit\u00e9s concurrentes &#8211; maintenir des valeurs progressistes tout en r\u00e9pondant aux critiques selon lesquelles la position du Canada a parfois compliqu\u00e9 les relations diplomatiques avec des pays qui ne partagent pas la m\u00eame vision de l&rsquo;\u00e9galit\u00e9 des genres\u00a0\u00bb, a expliqu\u00e9 Davidson lors d&rsquo;une entrevue t\u00e9l\u00e9phonique.<\/p>\n<p>Cet ajustement politique survient dans un contexte de dynamiques mondiales changeantes, notamment la comp\u00e9tition croissante avec la Chine et la guerre continue de la Russie en Ukraine. Un r\u00e9cent sondage d&rsquo;Angus Reid indique que <strong>63% des Canadiens<\/strong> privil\u00e9gient les partenariats de s\u00e9curit\u00e9 et \u00e9conomiques par rapport \u00e0 la promotion des droits humains dans les relations internationales &#8211; en hausse par rapport \u00e0 47% en 2019.<\/p>\n<p>Les organisations de d\u00e9fense des droits des femmes ont r\u00e9agi avec un scepticisme mesur\u00e9. Karen Williams, directrice ex\u00e9cutive du R\u00e9seau d&rsquo;action mondiale pour les femmes, reconna\u00eet la n\u00e9cessit\u00e9 d&rsquo;une \u00e9volution politique mais met en garde contre tout recul. \u00ab\u00a0La terminologie importe moins que les ressources et la volont\u00e9 politique qui la sous-tendent\u00a0\u00bb, a d\u00e9clar\u00e9 Williams. \u00ab\u00a0Nous surveillerons de pr\u00e8s pour nous assurer qu&rsquo;il ne s&rsquo;agit pas simplement d&rsquo;un changement rh\u00e9torique qui mine le financement de l&rsquo;\u00e9galit\u00e9 des genres.\u00a0\u00bb<\/p>\n<p>Les remarques de Carney sugg\u00e8rent une approche plus int\u00e9gr\u00e9e o\u00f9 les consid\u00e9rations de genre deviennent un \u00e9l\u00e9ment des objectifs plus larges de politique \u00e9trang\u00e8re plut\u00f4t qu&rsquo;une initiative \u00e9tiquet\u00e9e s\u00e9par\u00e9ment. Cela se rapproche des approches adopt\u00e9es par des pays comme la <strong>Su\u00e8de<\/strong> et la <strong>France<\/strong>, qui ont int\u00e9gr\u00e9 des indicateurs d&rsquo;\u00e9galit\u00e9 des genres dans leurs cadres diplomatiques et de d\u00e9veloppement traditionnels sans \u00e9tiquette distincte de politique \u00e9trang\u00e8re f\u00e9ministe.<\/p>\n<p>Pour les r\u00e9sidents de communaut\u00e9s comme Thunder Bay, o\u00f9 j&rsquo;ai parl\u00e9 avec des \u00e9lecteurs la semaine derni\u00e8re, la politique internationale semble souvent \u00e9loign\u00e9e des pr\u00e9occupations quotidiennes. \u00ab\u00a0L&rsquo;\u00e9galit\u00e9 me tient \u00e0 c\u0153ur, mais je suis plus pr\u00e9occup\u00e9e par l&rsquo;abordabilit\u00e9 en ce moment\u00a0\u00bb, a d\u00e9clar\u00e9 Diane Legault, 47 ans, travailleuse de la sant\u00e9. \u00ab\u00a0Le gouvernement doit montrer comment ces politiques aident concr\u00e8tement les Canadiens ordinaires.\u00a0\u00bb<\/p>\n<p>Le moment de cet ajustement politique, alors que les lib\u00e9raux sont en retard dans les sondages \u00e0 l&rsquo;approche d&rsquo;une possible \u00e9lection en 2025, n&rsquo;a pas \u00e9chapp\u00e9 aux observateurs politiques. Carney, largement pressenti comme un futur pr\u00e9tendant au leadership, pourrait se positionner, ainsi que le parti, pour un attrait \u00e9lectoral plus large en recalibrant des politiques qui ont fait l&rsquo;objet de critiques de la part des \u00e9lecteurs centristes et conservateurs.<\/p>\n<p>Les experts notent que l&rsquo;approche de Carney repr\u00e9sente un exercice d&rsquo;\u00e9quilibre plut\u00f4t qu&rsquo;un revirement id\u00e9ologique. \u00ab\u00a0Il signale une continuit\u00e9 dans les valeurs tout en reconnaissant la n\u00e9cessit\u00e9 d&rsquo;une \u00e9volution dans la mise en \u0153uvre\u00a0\u00bb, a expliqu\u00e9 Robert McIntosh, ancien ambassadeur canadien et chercheur principal \u00e0 l&rsquo;Institut canadien des affaires mondiales. \u00ab\u00a0La question est de savoir si cela se traduira par des r\u00e9sultats politiques plus efficaces ou simplement par une image diff\u00e9rente.\u00a0\u00bb<\/p>\n<p>\u00c0 mesure que les d\u00e9tails de la politique \u00e9mergeront dans les semaines \u00e0 venir, la v\u00e9ritable mesure sera de savoir si ce changement renforce ou diminue l&rsquo;influence du Canada sur l&rsquo;\u00e9galit\u00e9 des genres \u00e0 l&rsquo;\u00e9chelle mondiale. Pour l&rsquo;instant, l&rsquo;annonce de Carney sugg\u00e8re un gouvernement cherchant \u00e0 maintenir des principes progressistes tout en s&rsquo;adaptant \u00e0 un paysage international complexe o\u00f9 les pr\u00e9occupations de s\u00e9curit\u00e9 et les partenariats \u00e9conomiques dominent de plus en plus l&rsquo;ordre du jour.<\/p>\n<\/article>\n","protected":false},"excerpt":{"rendered":"<p>L&rsquo;annonce r\u00e9cente de Mark Carney signalant un recalibrage de l&rsquo;approche canadienne en mati\u00e8re de politique \u00e9trang\u00e8re f\u00e9ministe a suscit\u00e9 un d\u00e9bat dans le paysage politique d&rsquo;Ottawa. L&rsquo;ancien gouverneur de la Banque du Canada, d\u00e9sormais architecte cl\u00e9 des politiques du Parti lib\u00e9ral, a esquiss\u00e9 une \u00e9volution pragmatique plut\u00f4t qu&rsquo;un abandon des principes d&rsquo;\u00e9galit\u00e9 des genres dans [&hellip;]<\/p>\n","protected":false},"author":4,"featured_media":23290,"comment_status":"open","ping_status":"open","sticky":false,"template":"","format":"standard","meta":{"footnotes":""},"categories":[143],"tags":[19013],"ppma_author":[163],"class_list":{"0":"post-23292","1":"post","2":"type-post","3":"status-publish","4":"format-standard","5":"has-post-thumbnail","7":"category-politics-fr","8":"tag-relations-internationales-du-canada"},"_form":null,"_mail":null,"_mail_2":null,"_messages":null,"_additional_settings":null,"_locale":null,"_hash":null,"_wp_attached_file":null,"_wp_attachment_metadata":null,"_elementor_page_settings":null,"_menu_item_type":null,"_menu_item_menu_item_parent":null,"_menu_item_object_id":null,"_menu_item_object":null,"_menu_item_target":null,"_menu_item_classes":null,"_menu_item_xfn":null,"_menu_item_url":null,"_thumbnail_id":"23290","_wp_old_slug":null,"_oembed_aabfd980ef699725dc5d6ea0f5c5f063":null,"_oembed_time_aabfd980ef699725dc5d6ea0f5c5f063":null,"foxiz_menu_meta":null,"foxiz_user_rating":null,"_wp_attachment_image_alt":null,"ruby_tagline":null,"ruby_live_blog":null,"rank_math_primary_category":null,"_wp_attachment_context":null,"wpml_media_processed":null,"ppmacf_slug":null,"ppmacf_type":null,"ppmacf_field_status":null,"ppmacf_requirement":null,"ppmacf_social_profile":null,"ppmacf_schema_property":null,"ppmacf_rel":null,"ppmacf_target":null,"ppmacf_description":null,"ppmacf_inbuilt":null,"ppma_boxes_layout_meta_value":null,"ppma_disable_author_box":null,"_mc4wp_settings":null,"text_subscribed":null,"text_invalid_email":null,"text_required_field_missing":null,"text_already_subscribed":null,"text_error":null,"text_unsubscribed":null,"text_not_subscribed":null,"text_no_lists_selected":null,"text_updated":null,"text_spam":null,"_pingme":"1","_encloseme":"1","_wp_trash_meta_comments_status":null,"_elementor_page_assets":null,"_elementor_element_cache":null,"_wp_page_template":null,"_elementor_edit_mode":null,"_elementor_template_type":null,"foxiz_content_total_word":null,"_elementor_version":null,"_elementor_data":null,"ppma_authors_name":"Daniel Reyes","rb_global_meta":null,"_elementor_controls_usage":null,"_wp_old_date":null,"ao_post_optimize":null,"rank_math_analytic_object_id":null,"rank_math_og_content_image":null,"_edit_lock":null,"rank_math_seo_score":null,"rank_math_internal_links_processed":null,"_edit_last":null,"_wpml_word_count":"1050","_wpml_location_migration_done":"1","rank_math_focus_keyword":"Politique \u00e9trang\u00e8re du Canada et \u00e9galit\u00e9 des sexes","rank_math_title":null,"rank_math_description":"Discuss how Mark Carney change la politique \u00e9trang\u00e8re du Canada sur l'\u00e9galit\u00e9 des sexes. D\u00e9couvrez cette nouvelle approche et ses impacts potentiels.","_wpml_media_duplicate":null,"_wpml_media_featured":null,"_top_nav_excluded":null,"_cms_nav_minihome":null,"_last_translation_edit_mode":"native-editor","_elementor_template_widget_type":null,"_elementor_popup_display_settings":null,"_wp_trash_meta_status":null,"_wp_trash_meta_time":null,"_wp_desired_post_slug":null,"_elementor_css":null,"authors":[{"term_id":163,"user_id":4,"is_guest":0,"slug":"daniel-reyes","display_name":"Daniel Reyes","avatar_url":"https:\/\/secure.gravatar.com\/avatar\/8b54ebdd8cb6160a63abf50ae59a3d03?s=96&d=mm&r=g","0":null,"1":"","2":"","3":"","4":"","5":"","6":"","7":"","8":""}],"_links":{"self":[{"href":"https:\/\/www.mediawall.news\/fr\/wp-json\/wp\/v2\/posts\/23292","targetHints":{"allow":["GET"]}}],"collection":[{"href":"https:\/\/www.mediawall.news\/fr\/wp-json\/wp\/v2\/posts"}],"about":[{"href":"https:\/\/www.mediawall.news\/fr\/wp-json\/wp\/v2\/types\/post"}],"author":[{"embeddable":true,"href":"https:\/\/www.mediawall.news\/fr\/wp-json\/wp\/v2\/users\/4"}],"replies":[{"embeddable":true,"href":"https:\/\/www.mediawall.news\/fr\/wp-json\/wp\/v2\/comments?post=23292"}],"version-history":[{"count":1,"href":"https:\/\/www.mediawall.news\/fr\/wp-json\/wp\/v2\/posts\/23292\/revisions"}],"predecessor-version":[{"id":23293,"href":"https:\/\/www.mediawall.news\/fr\/wp-json\/wp\/v2\/posts\/23292\/revisions\/23293"}],"wp:featuredmedia":[{"embeddable":true,"href":"https:\/\/www.mediawall.news\/fr\/wp-json\/wp\/v2\/media\/23290"}],"wp:attachment":[{"href":"https:\/\/www.mediawall.news\/fr\/wp-json\/wp\/v2\/media?parent=23292"}],"wp:term":[{"taxonomy":"category","embeddable":true,"href":"https:\/\/www.mediawall.news\/fr\/wp-json\/wp\/v2\/categories?post=23292"},{"taxonomy":"post_tag","embeddable":true,"href":"https:\/\/www.mediawall.news\/fr\/wp-json\/wp\/v2\/tags?post=23292"},{"taxonomy":"author","embeddable":true,"href":"https:\/\/www.mediawall.news\/fr\/wp-json\/wp\/v2\/ppma_author?post=23292"}],"curies":[{"name":"wp","href":"https:\/\/api.w.org\/{rel}","templated":true}]}}