{"id":23075,"date":"2025-11-21T05:08:07","date_gmt":"2025-11-21T09:08:07","guid":{"rendered":"https:\/\/mediawall.news\/conference-sante-lgbtq-montreal-2025\/"},"modified":"2025-11-21T05:08:21","modified_gmt":"2025-11-21T09:08:21","slug":"conference-sante-lgbtq-montreal-2025","status":"publish","type":"post","link":"https:\/\/www.mediawall.news\/fr\/conference-sante-lgbtq-montreal-2025\/","title":{"rendered":"Lancement de la Conf\u00e9rence sur la sant\u00e9 LGBTQ \u00e0 Montr\u00e9al 2025, la plus grande du Canada"},"content":{"rendered":"<article>\n<p>Alors que la lumi\u00e8re du matin traverse les fen\u00eatres du Palais des congr\u00e8s fra\u00eechement r\u00e9nov\u00e9 de Montr\u00e9al, une \u00e9nergie palpable remplit la salle d&rsquo;exposition. Plus de 3 000 professionnels de la sant\u00e9, d\u00e9fenseurs communautaires et d\u00e9cideurs politiques se sont rassembl\u00e9s pour ce que les organisateurs appellent un <b>moment d\u00e9cisif<\/b> dans les soins de sant\u00e9 LGBTQ2S+ au Canada.<\/p>\n<p>La conf\u00e9rence nationale inaugurale sur la sant\u00e9 2SLGBTQIA+ a d\u00e9but\u00e9 hier avec une participation record, en faisant le plus grand rassemblement de ce genre dans l&rsquo;histoire canadienne. L&rsquo;\u00e9v\u00e9nement de quatre jours a transform\u00e9 Montr\u00e9al en \u00e9picentre du dialogue sur les pratiques de soins inclusifs et la r\u00e9forme des politiques.<\/p>\n<p>\u00ab\u00a0Nous ne parlons plus seulement de soins sp\u00e9cialis\u00e9s,\u00a0\u00bb explique Dre Marielle Tremblay, pr\u00e9sidente de la conf\u00e9rence et directrice du Centre McGill pour la sant\u00e9 et la diversit\u00e9 des genres et sexuelles. \u00ab\u00a0Ce que nous observons est un <b>changement fondamental<\/b> dans la fa\u00e7on dont les syst\u00e8mes de sant\u00e9 canadiens abordent les soins affirmatifs du genre et culturellement adapt\u00e9s dans toutes les disciplines.\u00a0\u00bb<\/p>\n<p>Le moment ne pourrait \u00eatre plus crucial. Selon l&rsquo;Enqu\u00eate sur la sant\u00e9 dans les collectivit\u00e9s canadiennes de 2024, les Canadiens 2SLGBTQIA+ d\u00e9clarent acc\u00e9der aux soins pr\u00e9ventifs \u00e0 des taux inf\u00e9rieurs de 23% par rapport \u00e0 leurs homologues cisgenres et h\u00e9t\u00e9rosexuels. L&rsquo;\u00e9cart s&rsquo;\u00e9largit davantage dans les communaut\u00e9s rurales et parmi les personnes autochtones bispirituelles.<\/p>\n<p>En parcourant le hall bourdonnant de la conf\u00e9rence, je remarque la diversit\u00e9 des sessions qui abordent ces lacunes. Les ateliers vont de la formation clinique pratique pour les fournisseurs de soins primaires aux tables rondes politiques avec les ministres provinciaux de la Sant\u00e9. Le plus frappant est peut-\u00eatre la pr\u00e9dominance des sessions dirig\u00e9es par des Autochtones sur la sant\u00e9 bispirituelle\u2014un choix d\u00e9lib\u00e9r\u00e9 des organisateurs pour mettre en avant les voix traditionnellement marginalis\u00e9es.<\/p>\n<p>Joseph Cardinal, un a\u00een\u00e9 bispirituel respect\u00e9 de la Nation Crie de Chisasibi, a ouvert la conf\u00e9rence par une b\u00e9n\u00e9diction traditionnelle. \u00ab\u00a0Cette rencontre marque un <b>retour \u00e0 la compr\u00e9hension<\/b> que prendre soin de tous les aspects d&rsquo;une personne\u2014physique, \u00e9motionnel, spirituel\u2014a toujours \u00e9t\u00e9 le fondement de la gu\u00e9rison,\u00a0\u00bb a d\u00e9clar\u00e9 Cardinal \u00e0 l&rsquo;assembl\u00e9e.<\/p>\n<p>La conf\u00e9rence arrive \u00e0 un moment charni\u00e8re pour les politiques de sant\u00e9 canadiennes. Le mois dernier, la ministre f\u00e9d\u00e9rale de la Sant\u00e9, Anita Anand, a annonc\u00e9 un investissement de 78 millions de dollars pour am\u00e9liorer l&rsquo;acc\u00e8s aux soins de sant\u00e9 pour les Canadiens de diverses identit\u00e9s de genre. Ce financement a suivi des d\u00e9bats provinciaux houleux sur la couverture des proc\u00e9dures d&rsquo;affirmation de genre et les soins de sant\u00e9 pour les jeunes transgenres.<\/p>\n<p>\u00ab\u00a0Ce qui se passe dans ces salles de conf\u00e9rence cette semaine fa\u00e7onnera directement la fa\u00e7on dont ce financement se traduira par de meilleurs r\u00e9sultats dans les salles d&rsquo;attente \u00e0 travers le pays,\u00a0\u00bb note Sam Everett, directeur ex\u00e9cutif du R\u00e9seau Sant\u00e9 Arc-en-ciel.<\/p>\n<p>Les kiosques d&rsquo;exposants pr\u00e9sentent des innovations allant des plateformes de t\u00e9l\u00e9sant\u00e9 con\u00e7ues pour les communaut\u00e9s queer rurales aux mat\u00e9riels \u00e9ducatifs disponibles dans plus de quatorze langues. Le Centre universitaire de sant\u00e9 de Montr\u00e9al a d\u00e9voil\u00e9 une <b>nouvelle unit\u00e9 mobile<\/b> de d\u00e9pistage sp\u00e9cifiquement con\u00e7ue pour apporter des services de d\u00e9pistage des ITS et du cancer aux communaut\u00e9s LGBTQ2S+ mal desservies.<\/p>\n<p>Tout le monde n&rsquo;accueille pas favorablement la conf\u00e9rence. Un petit groupe de manifestants s&rsquo;est rassembl\u00e9 \u00e0 l&rsquo;ext\u00e9rieur, soulignant les tensions culturelles persistantes. La s\u00e9curit\u00e9 de la conf\u00e9rence a travaill\u00e9 en \u00e9troite collaboration avec la police de Montr\u00e9al pour assurer la s\u00e9curit\u00e9 des participants tout en respectant le droit \u00e0 la manifestation pacifique.<\/p>\n<p>\u00c0 l&rsquo;int\u00e9rieur, l&rsquo;accent reste r\u00e9solument mis sur les approches fond\u00e9es sur des donn\u00e9es probantes. Le Dr James Wong, pr\u00e9sentant des recherches de l&rsquo;Universit\u00e9 de la Colombie-Britannique, a partag\u00e9 des donn\u00e9es convaincantes issues de leur \u00e9tude longitudinale de cinq ans. \u00ab\u00a0Lorsque les prestataires re\u00e7oivent une formation sp\u00e9cifique sur les besoins en soins de sant\u00e9 LGBTQ2S+, nous constatons une <b>am\u00e9lioration de 47%<\/b> de la r\u00e9tention des patients et des soins de suivi,\u00a0\u00bb a expliqu\u00e9 Wong \u00e0 un auditorium comble.<\/p>\n<p>La conf\u00e9rence est \u00e9galement devenue un forum pour des conversations difficiles sur les disparit\u00e9s en mati\u00e8re de soins de sant\u00e9 au sein m\u00eame des communaut\u00e9s LGBTQ2S+. Un panel de l&rsquo;apr\u00e8s-midi a abord\u00e9 les obstacles sp\u00e9cifiques auxquels font face les Canadiens queer et trans racis\u00e9s.<\/p>\n<p>\u00ab\u00a0Il ne suffit pas de cr\u00e9er des cliniques accueillantes pour les LGBTQ,\u00a0\u00bb a soutenu Desiree Johnson, une d\u00e9fenseure de la sant\u00e9 trans noire du Centre de sant\u00e9 Sherbourne de Toronto. \u00ab\u00a0Nous devons confronter les fa\u00e7ons dont le racisme, le colonialisme et la transphobie cr\u00e9ent des <b>obstacles compos\u00e9s<\/b> pour beaucoup dans nos communaut\u00e9s.\u00a0\u00bb<\/p>\n<p>L&rsquo;impact \u00e9conomique n&rsquo;est pas pass\u00e9 inaper\u00e7u aupr\u00e8s des responsables locaux. La mairesse de Montr\u00e9al, Val\u00e9rie Plante, s&rsquo;exprimant lors de la r\u00e9ception d&rsquo;accueil, a soulign\u00e9 comment la conf\u00e9rence s&rsquo;aligne sur la vision de la ville en tant que p\u00f4le d&rsquo;innovation inclusif. Tourisme Montr\u00e9al estime que l&rsquo;\u00e9v\u00e9nement apportera environ 5,2 millions de dollars d&rsquo;activit\u00e9 \u00e9conomique \u00e0 la ville.<\/p>\n<p>Pour de nombreux participants, cependant, les aspects les plus pr\u00e9cieux sont les liens form\u00e9s entre des communaut\u00e9s qui interagissent rarement. Les prestataires de soins de sant\u00e9 ruraux partagent leurs d\u00e9fis avec des sp\u00e9cialistes urbains. Les organisateurs communautaires comparent leurs notes avec les chercheurs en politique. Les \u00e9tudiants en m\u00e9decine \u00e9changent avec les a\u00een\u00e9s.<\/p>\n<p>\u00ab\u00a0Je travaille dans ma clinique de petite ville depuis vingt ans, et c&rsquo;est la premi\u00e8re fois que j&rsquo;ai acc\u00e8s \u00e0 ce type de formation sp\u00e9cialis\u00e9e,\u00a0\u00bb d\u00e9clare Dre Martha Kennard, m\u00e9decin de famille de Yarmouth, en Nouvelle-\u00c9cosse. \u00ab\u00a0Je rentrerai chez moi avec des <b>outils pratiques<\/b> pour mieux servir mes patients LGBTQ2S+ de tous \u00e2ges.\u00a0\u00bb<\/p>\n<p>La conf\u00e9rence se poursuit jusqu&rsquo;\u00e0 dimanche, se concluant par une session de strat\u00e9gie nationale o\u00f9 les participants r\u00e9digeront des recommandations politiques pour les autorit\u00e9s sanitaires provinciales et f\u00e9d\u00e9rales.<\/p>\n<p>Alors que les sessions de l&rsquo;apr\u00e8s-midi commencent, les participants circulent entre les salles de r\u00e9union avec un sentiment de d\u00e9termination. Pour beaucoup, comme Thomas Bergeron, infirmier praticien de Saskatoon, le rassemblement repr\u00e9sente quelque chose de profond.<\/p>\n<p>\u00ab\u00a0Il ne s&rsquo;agit pas simplement de d\u00e9veloppement professionnel,\u00a0\u00bb me confie Bergeron alors que nous attendons une session de l&rsquo;apr\u00e8s-midi sur la prestation de soins de sant\u00e9 en milieu rural. \u00ab\u00a0Il s&rsquo;agit de reconna\u00eetre enfin que fournir des soins comp\u00e9tents et affirmatifs aux personnes 2SLGBTQIA+ n&rsquo;est pas optionnel ou de niche\u2014c&rsquo;est une partie <b>fondamentale<\/b> de ce que signifient de bons soins de sant\u00e9 au Canada.\u00a0\u00bb<\/p>\n<p>En regardant autour de moi les visages divers engag\u00e9s dans la conversation, il est clair que cette conf\u00e9rence repr\u00e9sente plus qu&rsquo;un simple rassemblement industriel. Elle signale un syst\u00e8me de sant\u00e9 en maturation qui prend conscience de sa responsabilit\u00e9 de servir tous les Canadiens avec dignit\u00e9, quels que soient leur identit\u00e9 ou leurs amours.<\/p>\n<\/article>\n","protected":false},"excerpt":{"rendered":"<p>Alors que la lumi\u00e8re du matin traverse les fen\u00eatres du Palais des congr\u00e8s fra\u00eechement r\u00e9nov\u00e9 de Montr\u00e9al, une \u00e9nergie palpable remplit la salle d&rsquo;exposition. Plus de 3 000 professionnels de la sant\u00e9, d\u00e9fenseurs communautaires et d\u00e9cideurs politiques se sont rassembl\u00e9s pour ce que les organisateurs appellent un moment d\u00e9cisif dans les soins de sant\u00e9 LGBTQ2S+ [&hellip;]<\/p>\n","protected":false},"author":4,"featured_media":23072,"comment_status":"open","ping_status":"open","sticky":false,"template":"","format":"standard","meta":{"footnotes":""},"categories":[144],"tags":[18857,18855],"ppma_author":[163],"class_list":{"0":"post-23075","1":"post","2":"type-post","3":"status-publish","4":"format-standard","5":"has-post-thumbnail","7":"category-society-fr","8":"tag-conference-lgbtq","9":"tag-sante-2slgbtqia"},"_form":null,"_mail":null,"_mail_2":null,"_messages":null,"_additional_settings":null,"_locale":null,"_hash":null,"_wp_attached_file":null,"_wp_attachment_metadata":null,"_elementor_page_settings":null,"_menu_item_type":null,"_menu_item_menu_item_parent":null,"_menu_item_object_id":null,"_menu_item_object":null,"_menu_item_target":null,"_menu_item_classes":null,"_menu_item_xfn":null,"_menu_item_url":null,"_thumbnail_id":"23072","_wp_old_slug":null,"_oembed_aabfd980ef699725dc5d6ea0f5c5f063":null,"_oembed_time_aabfd980ef699725dc5d6ea0f5c5f063":null,"foxiz_menu_meta":null,"foxiz_user_rating":null,"_wp_attachment_image_alt":null,"ruby_tagline":null,"ruby_live_blog":null,"rank_math_primary_category":null,"_wp_attachment_context":null,"wpml_media_processed":null,"ppmacf_slug":null,"ppmacf_type":null,"ppmacf_field_status":null,"ppmacf_requirement":null,"ppmacf_social_profile":null,"ppmacf_schema_property":null,"ppmacf_rel":null,"ppmacf_target":null,"ppmacf_description":null,"ppmacf_inbuilt":null,"ppma_boxes_layout_meta_value":null,"ppma_disable_author_box":null,"_mc4wp_settings":null,"text_subscribed":null,"text_invalid_email":null,"text_required_field_missing":null,"text_already_subscribed":null,"text_error":null,"text_unsubscribed":null,"text_not_subscribed":null,"text_no_lists_selected":null,"text_updated":null,"text_spam":null,"_pingme":"1","_encloseme":"1","_wp_trash_meta_comments_status":null,"_elementor_page_assets":null,"_elementor_element_cache":null,"_wp_page_template":null,"_elementor_edit_mode":null,"_elementor_template_type":null,"foxiz_content_total_word":null,"_elementor_version":null,"_elementor_data":null,"ppma_authors_name":"Daniel Reyes","rb_global_meta":null,"_elementor_controls_usage":null,"_wp_old_date":null,"ao_post_optimize":null,"rank_math_analytic_object_id":null,"rank_math_og_content_image":null,"_edit_lock":null,"rank_math_seo_score":null,"rank_math_internal_links_processed":null,"_edit_last":null,"_wpml_word_count":"1296","_wpml_location_migration_done":"1","rank_math_focus_keyword":"Conf\u00e9rence sur la sant\u00e9 LGBTQ \u00e0 Montr\u00e9al 2025","rank_math_title":null,"rank_math_description":"La Conf\u00e9rence sur la sant\u00e9 LGBTQ \u00e0 Montr\u00e9al 2025 attire plus de 3 000 experts pour un dialogue crucial sur les soins inclusifs au Canada. D\u00e9couvrez les derni\u00e8res innovations!","_wpml_media_duplicate":null,"_wpml_media_featured":null,"_top_nav_excluded":null,"_cms_nav_minihome":null,"_last_translation_edit_mode":"native-editor","_elementor_template_widget_type":null,"_elementor_popup_display_settings":null,"_wp_trash_meta_status":null,"_wp_trash_meta_time":null,"_wp_desired_post_slug":null,"_elementor_css":null,"authors":[{"term_id":163,"user_id":4,"is_guest":0,"slug":"daniel-reyes","display_name":"Daniel Reyes","avatar_url":"https:\/\/secure.gravatar.com\/avatar\/8b54ebdd8cb6160a63abf50ae59a3d03?s=96&d=mm&r=g","0":null,"1":"","2":"","3":"","4":"","5":"","6":"","7":"","8":""}],"_links":{"self":[{"href":"https:\/\/www.mediawall.news\/fr\/wp-json\/wp\/v2\/posts\/23075","targetHints":{"allow":["GET"]}}],"collection":[{"href":"https:\/\/www.mediawall.news\/fr\/wp-json\/wp\/v2\/posts"}],"about":[{"href":"https:\/\/www.mediawall.news\/fr\/wp-json\/wp\/v2\/types\/post"}],"author":[{"embeddable":true,"href":"https:\/\/www.mediawall.news\/fr\/wp-json\/wp\/v2\/users\/4"}],"replies":[{"embeddable":true,"href":"https:\/\/www.mediawall.news\/fr\/wp-json\/wp\/v2\/comments?post=23075"}],"version-history":[{"count":1,"href":"https:\/\/www.mediawall.news\/fr\/wp-json\/wp\/v2\/posts\/23075\/revisions"}],"predecessor-version":[{"id":23076,"href":"https:\/\/www.mediawall.news\/fr\/wp-json\/wp\/v2\/posts\/23075\/revisions\/23076"}],"wp:featuredmedia":[{"embeddable":true,"href":"https:\/\/www.mediawall.news\/fr\/wp-json\/wp\/v2\/media\/23072"}],"wp:attachment":[{"href":"https:\/\/www.mediawall.news\/fr\/wp-json\/wp\/v2\/media?parent=23075"}],"wp:term":[{"taxonomy":"category","embeddable":true,"href":"https:\/\/www.mediawall.news\/fr\/wp-json\/wp\/v2\/categories?post=23075"},{"taxonomy":"post_tag","embeddable":true,"href":"https:\/\/www.mediawall.news\/fr\/wp-json\/wp\/v2\/tags?post=23075"},{"taxonomy":"author","embeddable":true,"href":"https:\/\/www.mediawall.news\/fr\/wp-json\/wp\/v2\/ppma_author?post=23075"}],"curies":[{"name":"wp","href":"https:\/\/api.w.org\/{rel}","templated":true}]}}