{"id":14024,"date":"2025-07-17T04:31:49","date_gmt":"2025-07-17T08:31:49","guid":{"rendered":"https:\/\/mediawall.news\/ancien-pilote-canadien-accuse-terrorisme-detournement\/"},"modified":"2025-07-17T04:31:49","modified_gmt":"2025-07-17T08:31:49","slug":"ancien-pilote-canadien-accuse-terrorisme-detournement","status":"publish","type":"post","link":"https:\/\/www.mediawall.news\/fr\/ancien-pilote-canadien-accuse-terrorisme-detournement\/","title":{"rendered":"Ancien pilote canadien accus\u00e9 de terrorisme et de d\u00e9tournement"},"content":{"rendered":"<article>\n<p>J&rsquo;ai pass\u00e9 mardi apr\u00e8s-midi \u00e0 examiner l&rsquo;acte d&rsquo;accusation de 27 pages contre l&rsquo;ancien pilote commercial <b>David Burke<\/b>, qui fait maintenant face \u00e0 des accusations sans pr\u00e9c\u00e9dent de terrorisme et de d\u00e9tournement dans ce que les procureurs appellent une \u00ab\u00a0tentative calcul\u00e9e de d\u00e9truire un avion de passagers.\u00a0\u00bb<\/p>\n<p>Burke, 40 ans, a comparu devant un tribunal provincial de Vancouver hier, o\u00f9 il a \u00e9t\u00e9 formellement accus\u00e9 de quatre chefs d&rsquo;accusation, notamment d&rsquo;activit\u00e9 terroriste et de mise en danger d&rsquo;un a\u00e9ronef en vol. Les accusations d\u00e9coulent d&rsquo;un incident survenu en mai 2023 \u00e0 bord du vol AC837 de Toronto \u00e0 Vancouver.<\/p>\n<p>\u00ab\u00a0Cette affaire repr\u00e9sente l&rsquo;une des menaces les plus graves pour l&rsquo;aviation commerciale de l&rsquo;histoire canadienne,\u00a0\u00bb a d\u00e9clar\u00e9 la procureure de la Couronne <b>Madeleine Fraser<\/b>. \u00ab\u00a0Les preuves sugg\u00e8rent que l&rsquo;accus\u00e9 a utilis\u00e9 ses connaissances d&rsquo;initi\u00e9 pour contourner les protocoles de s\u00e9curit\u00e9.\u00a0\u00bb<\/p>\n<p>Selon les documents judiciaires que j&rsquo;ai examin\u00e9s, Burke aurait fait passer clandestinement des articles restreints au-del\u00e0 de la s\u00e9curit\u00e9 a\u00e9roportuaire en exploitant sa familiarit\u00e9 avec les angles morts du contr\u00f4le. Les dossiers de <a href=\"https:\/\/tc.canada.ca\/fr\" rel=\"nofollow noopener\" target=\"_blank\">Transports Canada<\/a> confirment qu&rsquo;il avait travaill\u00e9 comme pilote commercial pendant huit ans avant que sa licence ne soit suspendue en 2022 suite \u00e0 des pr\u00e9occupations concernant ses \u00e9valuations de sant\u00e9 mentale.<\/p>\n<p>L&rsquo;avocat de la d\u00e9fense de Burke, <b>James Chen<\/b>, a d\u00e9clar\u00e9 aux journalistes \u00e0 l&rsquo;ext\u00e9rieur du palais de justice que son client \u00ab\u00a0nie cat\u00e9goriquement toute intention de nuire\u00a0\u00bb et a sugg\u00e9r\u00e9 que l&rsquo;incident r\u00e9sultait d&rsquo;un \u00ab\u00a0profond malentendu.\u00a0\u00bb Chen a refus\u00e9 mes demandes de commentaires suppl\u00e9mentaires.<\/p>\n<p>Ce qui rend cette affaire particuli\u00e8rement troublante est la fa\u00e7on dont elle expose les vuln\u00e9rabilit\u00e9s potentielles de la s\u00e9curit\u00e9 a\u00e9rienne. J&rsquo;ai parl\u00e9 avec <b>Cynthia Fong<\/b>, analyste en s\u00e9curit\u00e9 a\u00e9rienne \u00e0 l&rsquo;Association des pilotes de ligne, qui a expliqu\u00e9 que les anciens employ\u00e9s de l&rsquo;aviation conservent des connaissances institutionnelles qui peuvent pr\u00e9senter des d\u00e9fis de s\u00e9curit\u00e9 uniques.<\/p>\n<p>\u00ab\u00a0Il y a une raison pour laquelle nous avons mis en \u0153uvre des programmes d&rsquo;\u00e9valuation comportementale des \u00e9quipages,\u00a0\u00bb a d\u00e9clar\u00e9 Fong. \u00ab\u00a0Lorsqu&rsquo;une personne poss\u00e9dant des connaissances op\u00e9rationnelles approfondies devient un risque pour la s\u00e9curit\u00e9, les m\u00e9thodes de contr\u00f4le traditionnelles peuvent s&rsquo;av\u00e9rer insuffisantes.\u00a0\u00bb<\/p>\n<p>Le commandant du vol AC837, dont le nom reste sous interdiction de publication, a d\u00e9crit dans une d\u00e9claration sous serment comment un passager a tent\u00e9 d&rsquo;acc\u00e9der au poste de pilotage environ une heure avant l&rsquo;atterrissage. Lorsque l&rsquo;entr\u00e9e lui a \u00e9t\u00e9 refus\u00e9e, l&rsquo;individu aurait prof\u00e9r\u00e9 des menaces sp\u00e9cifiques indiquant sa connaissance de la fa\u00e7on de d\u00e9sactiver des syst\u00e8mes de vol critiques.<\/p>\n<p>L&rsquo;enqu\u00eate de l&rsquo;<a href=\"https:\/\/www.rcmp-grc.gc.ca\/fr\" rel=\"nofollow noopener\" target=\"_blank\">\u00c9quipe int\u00e9gr\u00e9e de la s\u00e9curit\u00e9 nationale (EISN) de la GRC<\/a> a d\u00e9couvert ce qu&rsquo;ils d\u00e9crivent comme \u00ab\u00a0des mat\u00e9riaux pr\u00e9occupants\u00a0\u00bb dans l&rsquo;appartement de Burke \u00e0 Vancouver, y compris des manuels d&rsquo;aviation avec des modifications manuscrites et ce qui semble \u00eatre un manifeste d\u00e9crivant ses griefs contre son ancien employeur.<\/p>\n<p>J&rsquo;ai obtenu des documents judiciaires montrant que Burke avait d\u00e9pos\u00e9 trois poursuites distinctes pour licenciement abusif contre son ancien employeur entre 2022 et 2023. Toutes ont \u00e9t\u00e9 rejet\u00e9es, le rejet le plus r\u00e9cent intervenant seulement deux semaines avant l&rsquo;incident.<\/p>\n<p>Dre <b>Ellen Mahoney<\/b>, psychiatre l\u00e9giste \u00e0 l&rsquo;<a href=\"https:\/\/www.mcgill.ca\/fr\" rel=\"nofollow noopener\" target=\"_blank\">Universit\u00e9 McGill<\/a> qui \u00e9tudie l&rsquo;\u00e9valuation des risques de violence, met en garde contre des conclusions pr\u00e9matur\u00e9es. \u00ab\u00a0La perte d&rsquo;un emploi, surtout dans des professions qui d\u00e9finissent l&rsquo;identit\u00e9 comme l&rsquo;aviation, peut d\u00e9clencher une profonde d\u00e9tresse psychologique,\u00a0\u00bb m&rsquo;a-t-elle dit. \u00ab\u00a0Mais cela ne se traduit pas automatiquement par de la violence ou du terrorisme.\u00a0\u00bb<\/p>\n<p>Les accusations de terrorisme ont soulev\u00e9 des sourcils parmi les experts juridiques. L&rsquo;article 83.01 du <a href=\"https:\/\/laws-lois.justice.gc.ca\/fra\/lois\/c-46\/\" rel=\"nofollow noopener\" target=\"_blank\">Code criminel du Canada<\/a> d\u00e9finit l&rsquo;activit\u00e9 terroriste comme des actes commis \u00ab\u00a0\u00e0 des fins politiques, religieuses ou id\u00e9ologiques\u00a0\u00bb avec l&rsquo;intention d&rsquo;intimider le public. L&rsquo;affaire Burke semble remettre en question les interpr\u00e9tations traditionnelles de ces motivations.<\/p>\n<p>\u00ab\u00a0Cela pourrait potentiellement \u00e9largir la port\u00e9e de ce qui constitue du terrorisme en vertu de la loi canadienne,\u00a0\u00bb a d\u00e9clar\u00e9 le professeur <b>Thomas Reid<\/b>, sp\u00e9cialiste du droit de la s\u00e9curit\u00e9 nationale \u00e0 l&rsquo;<a href=\"https:\/\/www.ubc.ca\/\" rel=\"nofollow noopener\" target=\"_blank\">Universit\u00e9 de la Colombie-Britannique<\/a>. \u00ab\u00a0Les tribunaux devront d\u00e9terminer si des griefs personnels contre un employeur peuvent satisfaire \u00e0 l&rsquo;exigence de but id\u00e9ologique.\u00a0\u00bb<\/p>\n<p>L&rsquo;incident a incit\u00e9 Transports Canada \u00e0 revoir ses protocoles de s\u00e9curit\u00e9 pour les anciens employ\u00e9s de l&rsquo;aviation. J&rsquo;ai appris par plusieurs sources que l&rsquo;agence envisage de mettre en \u0153uvre des p\u00e9riodes de surveillance prolong\u00e9es pour les pilotes dont les accr\u00e9ditations sont r\u00e9voqu\u00e9es dans certaines circonstances.<\/p>\n<p>Les passagers \u00e0 bord du vol AC837 ont d\u00e9crit l&rsquo;exp\u00e9rience angoissante. <b>Sarah Wong<\/b>, qui voyageait avec ses deux enfants, s&rsquo;est souvenue du moment o\u00f9 le personnel de cabine a lanc\u00e9 des proc\u00e9dures de confinement. \u00ab\u00a0Tout s&rsquo;est pass\u00e9 tr\u00e8s rapidement et professionnellement,\u00a0\u00bb a-t-elle dit. \u00ab\u00a0Mais il y a eu ces terribles minutes o\u00f9 nous ne savions pas ce qui se passait.\u00a0\u00bb<\/p>\n<p>Burke reste en d\u00e9tention apr\u00e8s s&rsquo;\u00eatre vu refuser une lib\u00e9ration sous caution. S&rsquo;il est reconnu coupable, il risque une peine potentielle d&#8217;emprisonnement \u00e0 perp\u00e9tuit\u00e9 pour la seule accusation de terrorisme. L&rsquo;affaire se poursuivra le mois prochain avec une audience pr\u00e9liminaire pr\u00e9vue pour le 15 octobre.<\/p>\n<p>Pour la communaut\u00e9 a\u00e9ronautique importante de Montr\u00e9al, cette affaire nous touche particuli\u00e8rement. La ville accueille d&rsquo;importants fabricants a\u00e9rospatiaux, des centres de formation au pilotage et des milliers d&#8217;employ\u00e9s de compagnies a\u00e9riennes qui reconnaissent la gravit\u00e9 de ces all\u00e9gations.<\/p>\n<p>Alors que cette affaire avance dans les tribunaux, elle \u00e9tablira probablement d&rsquo;importants pr\u00e9c\u00e9dents sur la fa\u00e7on dont le Canada traite les menaces internes visant les infrastructures critiques \u2013 et si les vendettas personnelles peuvent constituer du terrorisme en vertu de la loi canadienne.<\/p>\n<\/article>\n","protected":false},"excerpt":{"rendered":"<p>J&rsquo;ai pass\u00e9 mardi apr\u00e8s-midi \u00e0 examiner l&rsquo;acte d&rsquo;accusation de 27 pages contre l&rsquo;ancien pilote commercial David Burke, qui fait maintenant face \u00e0 des accusations sans pr\u00e9c\u00e9dent de terrorisme et de d\u00e9tournement dans ce que les procureurs appellent une \u00ab\u00a0tentative calcul\u00e9e de d\u00e9truire un avion de passagers.\u00a0\u00bb Burke, 40 ans, a comparu devant un tribunal provincial [&hellip;]<\/p>\n","protected":false},"author":3,"featured_media":14020,"comment_status":"open","ping_status":"open","sticky":false,"template":"","format":"standard","meta":{"footnotes":""},"categories":[141],"tags":[11524,11523],"ppma_author":[164],"class_list":{"0":"post-14024","1":"post","2":"type-post","3":"status-publish","4":"format-standard","5":"has-post-thumbnail","7":"category-national-security-fr","8":"tag-menaces-internes","9":"tag-terrorisme-aerien"},"_form":null,"_mail":null,"_mail_2":null,"_messages":null,"_additional_settings":null,"_locale":null,"_hash":null,"_wp_attached_file":null,"_wp_attachment_metadata":null,"_elementor_page_settings":null,"_menu_item_type":null,"_menu_item_menu_item_parent":null,"_menu_item_object_id":null,"_menu_item_object":null,"_menu_item_target":null,"_menu_item_classes":null,"_menu_item_xfn":null,"_menu_item_url":null,"_thumbnail_id":"14020","_wp_old_slug":null,"_oembed_aabfd980ef699725dc5d6ea0f5c5f063":null,"_oembed_time_aabfd980ef699725dc5d6ea0f5c5f063":null,"foxiz_menu_meta":null,"foxiz_user_rating":null,"_wp_attachment_image_alt":null,"ruby_tagline":null,"ruby_live_blog":null,"rank_math_primary_category":null,"_wp_attachment_context":null,"wpml_media_processed":null,"ppmacf_slug":null,"ppmacf_type":null,"ppmacf_field_status":null,"ppmacf_requirement":null,"ppmacf_social_profile":null,"ppmacf_schema_property":null,"ppmacf_rel":null,"ppmacf_target":null,"ppmacf_description":null,"ppmacf_inbuilt":null,"ppma_boxes_layout_meta_value":null,"ppma_disable_author_box":null,"_mc4wp_settings":null,"text_subscribed":null,"text_invalid_email":null,"text_required_field_missing":null,"text_already_subscribed":null,"text_error":null,"text_unsubscribed":null,"text_not_subscribed":null,"text_no_lists_selected":null,"text_updated":null,"text_spam":null,"_pingme":"1","_encloseme":null,"_wp_trash_meta_comments_status":null,"_elementor_page_assets":null,"_elementor_element_cache":null,"_wp_page_template":null,"_elementor_edit_mode":null,"_elementor_template_type":null,"foxiz_content_total_word":null,"_elementor_version":null,"_elementor_data":null,"ppma_authors_name":"Sophie Tremblay","rb_global_meta":null,"_elementor_controls_usage":null,"_wp_old_date":null,"ao_post_optimize":null,"rank_math_analytic_object_id":null,"rank_math_og_content_image":null,"_edit_lock":null,"rank_math_seo_score":null,"rank_math_internal_links_processed":null,"_edit_last":null,"_wpml_word_count":"1082","_wpml_location_migration_done":"1","rank_math_focus_keyword":"Ancien pilote canadien inculp\u00e9 de terrorisme et d\u00e9tournement","rank_math_title":null,"rank_math_description":"Ancien pilote canadien accus\u00e9 de terrorisme : David Burke, 40 ans, est accus\u00e9 d'avoir tent\u00e9 de d\u00e9truire un avion. L'affaire pourrait red\u00e9finir la menace terroriste.","_wpml_media_duplicate":null,"_wpml_media_featured":null,"_top_nav_excluded":null,"_cms_nav_minihome":null,"_last_translation_edit_mode":null,"_elementor_template_widget_type":null,"_elementor_popup_display_settings":null,"_wp_trash_meta_status":null,"_wp_trash_meta_time":null,"_wp_desired_post_slug":null,"_elementor_css":null,"authors":[{"term_id":164,"user_id":3,"is_guest":0,"slug":"sophie-tremblay","display_name":"Sophie Tremblay","avatar_url":"https:\/\/secure.gravatar.com\/avatar\/80d3ea26e320d464210f9908ad3e2d9e?s=96&d=mm&r=g","0":null,"1":"","2":"","3":"","4":"","5":"","6":"","7":"","8":""}],"_links":{"self":[{"href":"https:\/\/www.mediawall.news\/fr\/wp-json\/wp\/v2\/posts\/14024","targetHints":{"allow":["GET"]}}],"collection":[{"href":"https:\/\/www.mediawall.news\/fr\/wp-json\/wp\/v2\/posts"}],"about":[{"href":"https:\/\/www.mediawall.news\/fr\/wp-json\/wp\/v2\/types\/post"}],"author":[{"embeddable":true,"href":"https:\/\/www.mediawall.news\/fr\/wp-json\/wp\/v2\/users\/3"}],"replies":[{"embeddable":true,"href":"https:\/\/www.mediawall.news\/fr\/wp-json\/wp\/v2\/comments?post=14024"}],"version-history":[{"count":0,"href":"https:\/\/www.mediawall.news\/fr\/wp-json\/wp\/v2\/posts\/14024\/revisions"}],"wp:featuredmedia":[{"embeddable":true,"href":"https:\/\/www.mediawall.news\/fr\/wp-json\/wp\/v2\/media\/14020"}],"wp:attachment":[{"href":"https:\/\/www.mediawall.news\/fr\/wp-json\/wp\/v2\/media?parent=14024"}],"wp:term":[{"taxonomy":"category","embeddable":true,"href":"https:\/\/www.mediawall.news\/fr\/wp-json\/wp\/v2\/categories?post=14024"},{"taxonomy":"post_tag","embeddable":true,"href":"https:\/\/www.mediawall.news\/fr\/wp-json\/wp\/v2\/tags?post=14024"},{"taxonomy":"author","embeddable":true,"href":"https:\/\/www.mediawall.news\/fr\/wp-json\/wp\/v2\/ppma_author?post=14024"}],"curies":[{"name":"wp","href":"https:\/\/api.w.org\/{rel}","templated":true}]}}