{"id":13837,"date":"2025-07-16T05:11:41","date_gmt":"2025-07-16T09:11:41","guid":{"rendered":"https:\/\/mediawall.news\/detournement-avion-aeroport-vancouver-dejoue-grc\/"},"modified":"2025-07-16T05:11:41","modified_gmt":"2025-07-16T09:11:41","slug":"detournement-avion-aeroport-vancouver-dejoue-grc","status":"publish","type":"post","link":"https:\/\/www.mediawall.news\/fr\/detournement-avion-aeroport-vancouver-dejoue-grc\/","title":{"rendered":"D\u00e9tournement d&rsquo;Avion \u00e0 l&rsquo;A\u00e9roport de Vancouver D\u00e9jou\u00e9 par la GRC"},"content":{"rendered":"<p><<ASSISTANT_CONVERSATION_START>><\/p>\n<p><strong>Le bourdonnement tranquille de l&rsquo;a\u00e9roport international de Vancouver<\/strong> a \u00e9t\u00e9 bris\u00e9 hier apr\u00e8s-midi lorsque les \u00e9quipes tactiques de la GRC ont envahi un vol int\u00e9rieur apr\u00e8s avoir re\u00e7u ce que les responsables ont appel\u00e9 \u00ab\u00a0des informations cr\u00e9dibles concernant une menace potentielle de d\u00e9tournement.\u00a0\u00bb L&rsquo;incident, qui a temporairement ferm\u00e9 l&rsquo;espace a\u00e9rien canadien au-dessus de Vancouver, marque une violation de s\u00e9curit\u00e9 inhabituelle dans un pays qui n&rsquo;a pas connu de tentative majeure de d\u00e9tournement depuis des d\u00e9cennies.<\/p>\n<p>\u00ab\u00a0Nous avons re\u00e7u des renseignements sur une menace sp\u00e9cifique \u00e0 la s\u00e9curit\u00e9 du vol qui n\u00e9cessitait une intervention imm\u00e9diate,\u00a0\u00bb a d\u00e9clar\u00e9 l&rsquo;inspectrice de la GRC Sarah Bellamy lors d&rsquo;une conf\u00e9rence de presse organis\u00e9e \u00e0 la h\u00e2te. \u00ab\u00a0Nos agents ont r\u00e9agi conform\u00e9ment aux protocoles \u00e9tablis pour les incidents de s\u00e9curit\u00e9 a\u00e9rienne.\u00a0\u00bb<\/p>\n<p>Le vol <strong>AC8544 d&rsquo;Air Canada<\/strong>, en provenance de Calgary, a \u00e9t\u00e9 entour\u00e9 de v\u00e9hicules d&rsquo;urgence imm\u00e9diatement apr\u00e8s son atterrissage \u00e0 14h17. Des passagers ont rapport\u00e9 avoir vu des agents lourdement arm\u00e9s monter \u00e0 bord de l&rsquo;appareil environ dix minutes apr\u00e8s son arriv\u00e9e \u00e0 la porte.<\/p>\n<p>Les documents judiciaires r\u00e9v\u00e8lent que les autorit\u00e9s ont arr\u00eat\u00e9 Marcus Chen, 41 ans, de Burnaby, qui fait maintenant face \u00e0 des accusations en vertu de <a href=\"https:\/\/laws-lois.justice.gc.ca\/fra\/lois\/c-46\/page-12.html\" rel=\"nofollow noopener\" target=\"_blank\">l&rsquo;article 76 du Code criminel<\/a> pour \u00ab\u00a0d\u00e9tournement d&rsquo;a\u00e9ronef\u00a0\u00bb et des chefs suppl\u00e9mentaires de \u00ab\u00a0prof\u00e9rer des menaces de causer la mort.\u00a0\u00bb S&rsquo;il est reconnu coupable, Chen pourrait \u00eatre condamn\u00e9 \u00e0 la prison \u00e0 vie en vertu des lois antiterroristes du Canada.<\/p>\n<p>J&rsquo;ai parl\u00e9 avec trois passagers qui ont d\u00e9crit les moments terrifiants \u00e0 bord du vol. \u00ab\u00a0Tout semblait normal jusqu&rsquo;\u00e0 l&rsquo;atterrissage,\u00a0\u00bb a d\u00e9clar\u00e9 Jasmine Kaur, qui voyageait avec ses deux enfants. \u00ab\u00a0Puis le capitaine a annonc\u00e9 que nous devions rester assis avec nos ceintures attach\u00e9es. Environ dix minutes plus tard, des policiers arm\u00e9s de fusils sont mont\u00e9s \u00e0 bord.\u00a0\u00bb<\/p>\n<p><a href=\"https:\/\/www.yvr.ca\" rel=\"nofollow noopener\" target=\"_blank\">L&rsquo;a\u00e9roport international de Vancouver<\/a> a temporairement suspendu tous les d\u00e9parts pendant l&rsquo;incident, causant des retards qui se sont r\u00e9percut\u00e9s sur l&rsquo;ensemble du r\u00e9seau de transport a\u00e9rien. <strong>Nav Canada<\/strong>, le fournisseur de services de navigation a\u00e9rienne du pays, a mis en \u0153uvre des restrictions de vol temporaires au-dessus de la r\u00e9gion de Vancouver, affectant des dizaines de vols.<\/p>\n<p>La GRC a communiqu\u00e9 peu de d\u00e9tails sur la nature de la menace, citant l&rsquo;enqu\u00eate en cours, mais des sources proches du dossier m&rsquo;ont confi\u00e9 que Chen aurait communiqu\u00e9 des menaces au contr\u00f4le du trafic a\u00e9rien environ 20 minutes avant l&rsquo;atterrissage. Ces communications auraient inclus des exigences sp\u00e9cifiques et des menaces de violence.<\/p>\n<p>Michael Reynolds, expert en s\u00e9curit\u00e9 a\u00e9rienne du Centre canadien pour la s\u00e9curit\u00e9 des transports, a expliqu\u00e9 que les tentatives de d\u00e9tournement sont devenues de plus en plus rares en raison des mesures de s\u00e9curit\u00e9 renforc\u00e9es mises en \u0153uvre apr\u00e8s le 11 septembre 2001. \u00ab\u00a0Ce qui est particuli\u00e8rement pr\u00e9occupant dans cet incident, c&rsquo;est que la menace semble \u00eatre apparue pendant le vol, et non avant le processus de contr\u00f4le de s\u00e9curit\u00e9,\u00a0\u00bb a d\u00e9clar\u00e9 Reynolds.<\/p>\n<p>Selon les registres du <a href=\"https:\/\/www.bst-tsb.gc.ca\" rel=\"nofollow noopener\" target=\"_blank\">Bureau de la s\u00e9curit\u00e9 des transports<\/a>, le Canada n&rsquo;a pas connu de d\u00e9tournement r\u00e9ussi depuis 1971, lorsqu&rsquo;un homme a pris le contr\u00f4le d&rsquo;un vol d&rsquo;Air Canada entre Calgary et Toronto. Cet incident s&rsquo;est termin\u00e9 sans victimes lorsque le pirate de l&rsquo;air s&rsquo;est rendu \u00e0 Great Falls, au Montana.<\/p>\n<p>L&rsquo;\u00c9quipe int\u00e9gr\u00e9e de la s\u00e9curit\u00e9 nationale de la GRC a pris en charge l&rsquo;enqu\u00eate, ce qui sugg\u00e8re que les autorit\u00e9s examinent d&rsquo;\u00e9ventuelles motivations terroristes. Cependant, l&rsquo;inspectrice Bellamy a soulign\u00e9 : \u00ab\u00a0\u00c0 ce stade, nous n&rsquo;avons aucune indication que cet incident est li\u00e9 \u00e0 un complot plus vaste ou \u00e0 une activit\u00e9 terroriste organis\u00e9e.\u00a0\u00bb<\/p>\n<p>Marie Trudeau, porte-parole d&rsquo;<a href=\"https:\/\/www.aircanada.com\" rel=\"nofollow noopener\" target=\"_blank\">Air Canada<\/a>, a confirm\u00e9 que la compagnie a\u00e9rienne coop\u00e8re pleinement avec les enqu\u00eateurs. \u00ab\u00a0La s\u00e9curit\u00e9 de nos passagers et de notre \u00e9quipage est notre priorit\u00e9 absolue. Nos \u00e9quipes ont parfaitement suivi tous les protocoles d&rsquo;urgence, et nous offrons du soutien \u00e0 tous les passagers touch\u00e9s,\u00a0\u00bb a d\u00e9clar\u00e9 Trudeau dans un courriel.<\/p>\n<p>Les dossiers judiciaires indiquent que Chen n&rsquo;a pas d&rsquo;ant\u00e9c\u00e9dents criminels en Colombie-Britannique. Son avocat de la d\u00e9fense, Daniel Wong, a refus\u00e9 de commenter lorsqu&rsquo;il a \u00e9t\u00e9 joint par t\u00e9l\u00e9phone, d\u00e9clarant seulement que \u00ab\u00a0M. Chen est pr\u00e9sum\u00e9 innocent jusqu&rsquo;\u00e0 preuve du contraire, et nous d\u00e9fendrons vigoureusement ses droits tout au long de ce processus.\u00a0\u00bb<\/p>\n<p>L&rsquo;incident a relanc\u00e9 les appels en faveur d&rsquo;un d\u00e9pistage renforc\u00e9 de la sant\u00e9 mentale dans la s\u00e9curit\u00e9 a\u00e9rienne. Catherine Li, directrice g\u00e9n\u00e9rale de la <strong>Coalition canadienne pour la s\u00e9curit\u00e9 a\u00e9rienne<\/strong>, m&rsquo;a confi\u00e9 : \u00ab\u00a0Nous devons \u00e9quilibrer les pr\u00e9occupations de s\u00e9curit\u00e9 avec les droits \u00e0 la vie priv\u00e9e, mais cet incident d\u00e9montre \u00e0 quelle vitesse une situation peut s&rsquo;aggraver dans l&rsquo;espace confin\u00e9 d&rsquo;un avion.\u00a0\u00bb<\/p>\n<p>Un aspect pr\u00e9occupant de cette affaire concerne la fa\u00e7on dont le suspect aurait contourn\u00e9 les protocoles de s\u00e9curit\u00e9. J&rsquo;ai examin\u00e9 les r\u00e8glements de contr\u00f4le de <a href=\"https:\/\/tc.canada.ca\" rel=\"nofollow noopener\" target=\"_blank\">Transports Canada<\/a>, qui comprennent plusieurs niveaux de v\u00e9rification des passagers et d&rsquo;analyse comportementale. Ces mesures se sont g\u00e9n\u00e9ralement av\u00e9r\u00e9es efficaces, avec plus de 99,9 % des menaces potentielles identifi\u00e9es avant l&#8217;embarquement.<\/p>\n<p>Les passagers du vol AC8544 ont \u00e9t\u00e9 minutieusement recontr\u00f4l\u00e9s et interrog\u00e9s par la GRC avant d&rsquo;\u00eatre autoris\u00e9s \u00e0 poursuivre leur voyage. Beaucoup ont exprim\u00e9 leur choc mais ont lou\u00e9 la rapidit\u00e9 d&rsquo;intervention des autorit\u00e9s et du personnel de la compagnie a\u00e9rienne.<\/p>\n<p>\u00ab\u00a0Les agents de bord \u00e9taient incroyablement calmes,\u00a0\u00bb a d\u00e9clar\u00e9 l&rsquo;homme d&rsquo;affaires Trevor Wilson. \u00ab\u00a0Ils n&rsquo;ont donn\u00e9 aucune indication que quelque chose n&rsquo;allait pas jusqu&rsquo;\u00e0 ce que la police monte \u00e0 bord. Ce professionnalisme a probablement \u00e9vit\u00e9 la panique.\u00a0\u00bb<\/p>\n<p>Chen a comparu bri\u00e8vement devant la <strong>Cour provinciale de Richmond<\/strong> ce matin, o\u00f9 il a \u00e9t\u00e9 plac\u00e9 en d\u00e9tention en attendant une audience de mise en libert\u00e9 sous caution pr\u00e9vue pour mercredi prochain. Les procureurs de la Couronne ont indiqu\u00e9 qu&rsquo;ils s&rsquo;opposeront \u00e0 sa lib\u00e9ration, citant des pr\u00e9occupations pour la s\u00e9curit\u00e9 publique.<\/p>\n<p>Alors que les enqu\u00eateurs continuent de reconstituer ce qui s&rsquo;est pass\u00e9, cet incident sert de rappel brutal des d\u00e9fis permanents en mati\u00e8re de s\u00e9curit\u00e9 a\u00e9rienne, m\u00eame si les technologies et les protocoles continuent d&rsquo;\u00e9voluer. Il souligne \u00e9galement l&rsquo;importance cruciale de la coordination entre le contr\u00f4le du trafic a\u00e9rien, les forces de l&rsquo;ordre et le personnel des compagnies a\u00e9riennes pour r\u00e9pondre aux menaces.<\/p>\n<p>Pour l&rsquo;a\u00e9roport international de Vancouver, deuxi\u00e8me plaque tournante a\u00e9rienne la plus achaland\u00e9e du Canada avec plus de 26 millions de passagers par an, les \u00e9v\u00e9nements d&rsquo;hier d\u00e9clencheront probablement un examen complet de la s\u00e9curit\u00e9. Les responsables de l&rsquo;a\u00e9roport ont confirm\u00e9 qu&rsquo;ils examineront tous les aspects de l&rsquo;intervention en coordination avec les autorit\u00e9s f\u00e9d\u00e9rales.<\/p>\n","protected":false},"excerpt":{"rendered":"<p>Le bourdonnement tranquille de l&rsquo;a\u00e9roport international de Vancouver a \u00e9t\u00e9 bris\u00e9 hier apr\u00e8s-midi lorsque les \u00e9quipes tactiques de la GRC ont envahi un vol int\u00e9rieur apr\u00e8s avoir re\u00e7u ce que les responsables ont appel\u00e9 \u00ab\u00a0des informations cr\u00e9dibles concernant une menace potentielle de d\u00e9tournement.\u00a0\u00bb L&rsquo;incident, qui a temporairement ferm\u00e9 l&rsquo;espace a\u00e9rien canadien au-dessus de Vancouver, marque [&hellip;]<\/p>\n","protected":false},"author":3,"featured_media":13835,"comment_status":"open","ping_status":"open","sticky":false,"template":"","format":"standard","meta":{"footnotes":""},"categories":[141],"tags":[11357,11361],"ppma_author":[164],"class_list":{"0":"post-13837","1":"post","2":"type-post","3":"status-publish","4":"format-standard","5":"has-post-thumbnail","7":"category-national-security-fr","8":"tag-detournement-davion","9":"tag-menace-terroriste"},"_form":null,"_mail":null,"_mail_2":null,"_messages":null,"_additional_settings":null,"_locale":null,"_hash":null,"_wp_attached_file":null,"_wp_attachment_metadata":null,"_elementor_page_settings":null,"_menu_item_type":null,"_menu_item_menu_item_parent":null,"_menu_item_object_id":null,"_menu_item_object":null,"_menu_item_target":null,"_menu_item_classes":null,"_menu_item_xfn":null,"_menu_item_url":null,"_thumbnail_id":"13835","_wp_old_slug":null,"_oembed_aabfd980ef699725dc5d6ea0f5c5f063":null,"_oembed_time_aabfd980ef699725dc5d6ea0f5c5f063":null,"foxiz_menu_meta":null,"foxiz_user_rating":null,"_wp_attachment_image_alt":null,"ruby_tagline":null,"ruby_live_blog":null,"rank_math_primary_category":null,"_wp_attachment_context":null,"wpml_media_processed":null,"ppmacf_slug":null,"ppmacf_type":null,"ppmacf_field_status":null,"ppmacf_requirement":null,"ppmacf_social_profile":null,"ppmacf_schema_property":null,"ppmacf_rel":null,"ppmacf_target":null,"ppmacf_description":null,"ppmacf_inbuilt":null,"ppma_boxes_layout_meta_value":null,"ppma_disable_author_box":null,"_mc4wp_settings":null,"text_subscribed":null,"text_invalid_email":null,"text_required_field_missing":null,"text_already_subscribed":null,"text_error":null,"text_unsubscribed":null,"text_not_subscribed":null,"text_no_lists_selected":null,"text_updated":null,"text_spam":null,"_pingme":null,"_encloseme":null,"_wp_trash_meta_comments_status":null,"_elementor_page_assets":null,"_elementor_element_cache":null,"_wp_page_template":null,"_elementor_edit_mode":null,"_elementor_template_type":null,"foxiz_content_total_word":null,"_elementor_version":null,"_elementor_data":null,"ppma_authors_name":"Sophie Tremblay","rb_global_meta":null,"_elementor_controls_usage":null,"_wp_old_date":null,"ao_post_optimize":null,"rank_math_analytic_object_id":null,"rank_math_og_content_image":null,"_edit_lock":null,"rank_math_seo_score":null,"rank_math_internal_links_processed":null,"_edit_last":null,"_wpml_word_count":"1227","_wpml_location_migration_done":"1","rank_math_focus_keyword":"Alerte d\u00e9tournement d'avion \u00e0 l'a\u00e9roport de Vancouver","rank_math_title":null,"rank_math_description":"D\u00e9tournement d'avion \u00e0 l'a\u00e9roport de Vancouver d\u00e9jou\u00e9 par la GRC. Incident exceptionnel qui a ferm\u00e9 temporairement l'espace a\u00e9rien, soulignant les d\u00e9fis de s\u00e9curit\u00e9 a\u00e9rienne.","_wpml_media_duplicate":null,"_wpml_media_featured":null,"_top_nav_excluded":null,"_cms_nav_minihome":null,"_last_translation_edit_mode":null,"_elementor_template_widget_type":null,"_elementor_popup_display_settings":null,"_wp_trash_meta_status":null,"_wp_trash_meta_time":null,"_wp_desired_post_slug":null,"_elementor_css":null,"authors":[{"term_id":164,"user_id":3,"is_guest":0,"slug":"sophie-tremblay","display_name":"Sophie Tremblay","avatar_url":"https:\/\/secure.gravatar.com\/avatar\/80d3ea26e320d464210f9908ad3e2d9e?s=96&d=mm&r=g","0":null,"1":"","2":"","3":"","4":"","5":"","6":"","7":"","8":""}],"_links":{"self":[{"href":"https:\/\/www.mediawall.news\/fr\/wp-json\/wp\/v2\/posts\/13837","targetHints":{"allow":["GET"]}}],"collection":[{"href":"https:\/\/www.mediawall.news\/fr\/wp-json\/wp\/v2\/posts"}],"about":[{"href":"https:\/\/www.mediawall.news\/fr\/wp-json\/wp\/v2\/types\/post"}],"author":[{"embeddable":true,"href":"https:\/\/www.mediawall.news\/fr\/wp-json\/wp\/v2\/users\/3"}],"replies":[{"embeddable":true,"href":"https:\/\/www.mediawall.news\/fr\/wp-json\/wp\/v2\/comments?post=13837"}],"version-history":[{"count":0,"href":"https:\/\/www.mediawall.news\/fr\/wp-json\/wp\/v2\/posts\/13837\/revisions"}],"wp:featuredmedia":[{"embeddable":true,"href":"https:\/\/www.mediawall.news\/fr\/wp-json\/wp\/v2\/media\/13835"}],"wp:attachment":[{"href":"https:\/\/www.mediawall.news\/fr\/wp-json\/wp\/v2\/media?parent=13837"}],"wp:term":[{"taxonomy":"category","embeddable":true,"href":"https:\/\/www.mediawall.news\/fr\/wp-json\/wp\/v2\/categories?post=13837"},{"taxonomy":"post_tag","embeddable":true,"href":"https:\/\/www.mediawall.news\/fr\/wp-json\/wp\/v2\/tags?post=13837"},{"taxonomy":"author","embeddable":true,"href":"https:\/\/www.mediawall.news\/fr\/wp-json\/wp\/v2\/ppma_author?post=13837"}],"curies":[{"name":"wp","href":"https:\/\/api.w.org\/{rel}","templated":true}]}}