{"id":13418,"date":"2025-07-12T04:32:21","date_gmt":"2025-07-12T08:32:21","guid":{"rendered":"https:\/\/mediawall.news\/ceremonie-soldats-canadiens-garde-buckingham\/"},"modified":"2025-07-12T04:32:21","modified_gmt":"2025-07-12T08:32:21","slug":"ceremonie-soldats-canadiens-garde-buckingham","status":"publish","type":"post","link":"https:\/\/www.mediawall.news\/fr\/ceremonie-soldats-canadiens-garde-buckingham\/","title":{"rendered":"C\u00e9r\u00e9monie des soldats canadiens en garde au palais de Buckingham"},"content":{"rendered":"<article>\n<p>La garde d&rsquo;honneur du palais de Buckingham a pris un accent distinctement canadien cette semaine alors que 85 soldats d&rsquo;un r\u00e9giment bas\u00e9 \u00e0 Edmonton ont \u00e9crit une page d&rsquo;histoire dans une tradition royale s\u00e9culaire.<\/p>\n<p>Les membres du Lord Strathcona&rsquo;s Horse (Royal Canadians) se tiennent c\u00f4te \u00e0 c\u00f4te avec le Household Cavalry Mounted Regiment britannique, devenant ainsi la premi\u00e8re unit\u00e9 canadienne \u00e0 monter la Garde royale au Horse Guards Parade \u00e0 Londres.<\/p>\n<p>\u00ab\u00a0C&rsquo;est vraiment surr\u00e9aliste,\u00a0\u00bb a d\u00e9clar\u00e9 le caporal <b>Nathan Gillis<\/b>, qui a voyag\u00e9 depuis l&rsquo;Alberta pour cette mission. \u00ab\u00a0En franchissant ces portes chaque matin, on ressent le poids de la tradition. Nous nous sommes entra\u00een\u00e9s pendant des mois parce que nous savons que le monde entier nous regarde.\u00a0\u00bb<\/p>\n<p>Cette affectation c\u00e9r\u00e9moniale se d\u00e9roule du 18 juillet au 4 ao\u00fbt, attirant autant les touristes curieux que les admirateurs de la royaut\u00e9. Pour de nombreux Canadiens visitant Londres, voir leurs compatriotes dans ce r\u00f4le prestigieux est devenu un moment fort inattendu.<\/p>\n<p>Margaret Jenkins, une touriste de Toronto, a modifi\u00e9 son itin\u00e9raire apr\u00e8s avoir appris la nouvelle. \u00ab\u00a0Je ne pr\u00e9voyais pas assister \u00e0 la rel\u00e8ve de la garde, mais quand j&rsquo;ai appris que des Canadiens y participaient, je devais venir. Voir nos troupes l\u00e0-bas m&rsquo;a \u00e9mue de fa\u00e7on surprenante.\u00a0\u00bb<\/p>\n<p>Le <a href=\"https:\/\/www.canada.ca\/fr\/ministere-defense-nationale.html\" rel=\"nofollow noopener\" target=\"_blank\">minist\u00e8re de la D\u00e9fense nationale<\/a> a confirm\u00e9 que ce d\u00e9ploiement faisait suite \u00e0 une invitation personnelle du roi Charles III, qui sert comme colonel en chef du r\u00e9giment. L&rsquo;invitation a suivi des discussions lors de la visite du Roi au Canada l&rsquo;ann\u00e9e derni\u00e8re, selon des sources famili\u00e8res avec l&rsquo;arrangement.<\/p>\n<p>\u00ab\u00a0C&rsquo;est plus que c\u00e9r\u00e9monial\u2014c&rsquo;est diplomatique,\u00a0\u00bb a expliqu\u00e9 Dr. Richard Haddad, historien militaire \u00e0 l&rsquo;Universit\u00e9 de Toronto. \u00ab\u00a0Voir des forces canadiennes occuper un r\u00f4le aussi visible au palais de Buckingham renforce les liens entre le Canada et la monarchie \u00e0 une \u00e9poque o\u00f9 ces relations \u00e9voluent.\u00a0\u00bb<\/p>\n<p>Le Lord Strathcona&rsquo;s Horse remonte \u00e0 1900, lorsqu&rsquo;il a \u00e9t\u00e9 form\u00e9 pour servir pendant la guerre des Boers. Aujourd&rsquo;hui, il sert comme r\u00e9giment blind\u00e9 \u00e9quip\u00e9 de chars Leopard, mais sa troupe mont\u00e9e c\u00e9r\u00e9moniale maintient les traditions de cavalerie qui le relient \u00e0 la <a href=\"https:\/\/householdcavalry.co.uk\/\" rel=\"nofollow noopener\" target=\"_blank\">Household Cavalry<\/a> britannique.<\/p>\n<p>Ce qui rend cette affectation particuli\u00e8rement significative est la raret\u00e9 des unit\u00e9s non britanniques assumant cette fonction. Bien que les pays du Commonwealth aient occasionnellement particip\u00e9 \u00e0 des \u00e9v\u00e9nements c\u00e9r\u00e9moniels, monter la Garde royale repr\u00e9sente un niveau d&rsquo;int\u00e9gration sans pr\u00e9c\u00e9dent.<\/p>\n<p>Le lieutenant-colonel <b>Eric Angell<\/b>, commandant du Lord Strathcona&rsquo;s Horse, a d\u00e9clar\u00e9 \u00e0 <a href=\"https:\/\/globalnews.ca\" rel=\"nofollow noopener\" target=\"_blank\">Global News<\/a> que cette opportunit\u00e9 a n\u00e9cessit\u00e9 une pr\u00e9paration intensive. \u00ab\u00a0Nos soldats se sont entra\u00een\u00e9s pendant six mois avant le d\u00e9ploiement. La pr\u00e9cision requise est extraordinaire\u2014de l&rsquo;angle exact d&rsquo;un sabre au timing de chaque mouvement.\u00a0\u00bb<\/p>\n<p>Les soldats canadiens portent leurs uniformes distinctifs de Strathcona plut\u00f4t que d&rsquo;adopter la tenue britannique, un symbole visible de l&rsquo;identit\u00e9 canadienne dans l&rsquo;une des traditions les plus photographi\u00e9es de Londres.<\/p>\n<p>Les m\u00e9dias sociaux d\u00e9bordent d&rsquo;images des gardes canadiens, avec #GardesCanadiens en tendance sur plusieurs plateformes. Une vid\u00e9o montrant un cavalier canadien maintenant une posture parfaite malgr\u00e9 un touriste persistant tentant de le distraire a recueilli plus de trois millions de vues.<\/p>\n<p>En coulisses, le d\u00e9ploiement a n\u00e9cessit\u00e9 une coordination logistique importante. Le r\u00e9giment a amen\u00e9 25 chevaux du Canada, qui ont subi une p\u00e9riode de quarantaine obligatoire avant de rejoindre leurs homologues britanniques. Les montures restantes ont \u00e9t\u00e9 fournies par la Household Cavalry.<\/p>\n<p>\u00ab\u00a0Ces animaux sont des athl\u00e8tes d&rsquo;\u00e9lite,\u00a0\u00bb a expliqu\u00e9 le caporal-chef <b>Jennifer Kowalski<\/b>, l&rsquo;une des cavali\u00e8res principales du r\u00e9giment. \u00ab\u00a0Ils ont \u00e9t\u00e9 conditionn\u00e9s pendant des mois pour g\u00e9rer le bruit et les foules du centre de Londres. Pour des chevaux habitu\u00e9s aux prairies canadiennes, cet environnement est compl\u00e8tement diff\u00e9rent.\u00a0\u00bb<\/p>\n<p>Le gouvernement canadien a pr\u00e9sent\u00e9 ce d\u00e9ploiement comme renfor\u00e7ant la coop\u00e9ration bilat\u00e9rale en mati\u00e8re de d\u00e9fense tout en honorant les connexions historiques. Le ministre de la D\u00e9fense <b>Bill Blair<\/b> a publi\u00e9 une d\u00e9claration soulignant \u00ab\u00a0la relation durable entre les forces arm\u00e9es canadiennes et la Couronne.\u00a0\u00bb<\/p>\n<p>Cependant, tout le monde ne consid\u00e8re pas ce devoir c\u00e9r\u00e9moniel comme significatif. Certains observateurs remettent en question les ressources dirig\u00e9es vers cet exercice.<\/p>\n<p>\u00ab\u00a0Bien que ce soit certainement prestigieux, on peut se demander si d\u00e9ployer des troupes pour des fonctions c\u00e9r\u00e9monielles \u00e0 l&rsquo;\u00e9tranger repr\u00e9sente la meilleure utilisation de nos ressources militaires,\u00a0\u00bb a d\u00e9clar\u00e9 <b>Michael Byers<\/b>, professeur de sciences politiques \u00e0 l&rsquo;Universit\u00e9 de la Colombie-Britannique.<\/p>\n<p>Pour les soldats eux-m\u00eames, cette mission repr\u00e9sente \u00e0 la fois une reconnaissance professionnelle et une opportunit\u00e9 personnelle. Beaucoup n&rsquo;ont jamais voyag\u00e9 au Royaume-Uni auparavant.<\/p>\n<p>La cavali\u00e8re <b>Samantha Diaz<\/b>, 24 ans, de Lethbridge, l&rsquo;a qualifi\u00e9e de \u00ab\u00a0point culminant de ma carri\u00e8re militaire jusqu&rsquo;\u00e0 pr\u00e9sent.\u00a0\u00bb Elle a ajout\u00e9, \u00ab\u00a0Ma grand-m\u00e8re a immigr\u00e9 d&rsquo;Angleterre, et elle a pleur\u00e9 quand je lui ai dit que je garderais le palais de Buckingham. Cela connecte les g\u00e9n\u00e9rations d&rsquo;une mani\u00e8re que je n&rsquo;avais jamais imagin\u00e9e.\u00a0\u00bb<\/p>\n<p>Les co\u00fbts du d\u00e9ploiement sont partag\u00e9s entre les gouvernements canadien et britannique, les Forces canadiennes confirmant le budget de l&rsquo;op\u00e9ration \u00e0 environ 1,2 million de dollars, incluant le transport du personnel et des chevaux.<\/p>\n<p>Alors que la derni\u00e8re semaine de service approche, des plans sont en cours pour une c\u00e9r\u00e9monie formelle marquant la conclusion de cette affectation historique du r\u00e9giment canadien. L&rsquo;unit\u00e9 retournera \u00e0 Edmonton \u00e0 la mi-ao\u00fbt, emportant avec elle une distinction rare dans l&rsquo;histoire militaire du Canada.<\/p>\n<p>Pour l&rsquo;instant, les visiteurs \u00e0 Londres peuvent \u00eatre t\u00e9moins de cette pr\u00e9sence canadienne unique chaque jour durant les c\u00e9r\u00e9monies de rel\u00e8ve de la garde, o\u00f9 feuilles d&rsquo;\u00e9rable et chapeaux Stetson ont temporairement rejoint le paysage iconique de la tradition royale britannique.<\/p>\n<\/article>\n","protected":false},"excerpt":{"rendered":"<p>La garde d&rsquo;honneur du palais de Buckingham a pris un accent distinctement canadien cette semaine alors que 85 soldats d&rsquo;un r\u00e9giment bas\u00e9 \u00e0 Edmonton ont \u00e9crit une page d&rsquo;histoire dans une tradition royale s\u00e9culaire. Les membres du Lord Strathcona&rsquo;s Horse (Royal Canadians) se tiennent c\u00f4te \u00e0 c\u00f4te avec le Household Cavalry Mounted Regiment britannique, devenant [&hellip;]<\/p>\n","protected":false},"author":4,"featured_media":13416,"comment_status":"open","ping_status":"open","sticky":false,"template":"","format":"standard","meta":{"footnotes":""},"categories":[131],"tags":[10952,10953],"ppma_author":[163],"class_list":{"0":"post-13418","1":"post","2":"type-post","3":"status-publish","4":"format-standard","5":"has-post-thumbnail","7":"category-canada-fr","8":"tag-garde-royale","9":"tag-palais-de-buckingham"},"_form":null,"_mail":null,"_mail_2":null,"_messages":null,"_additional_settings":null,"_locale":null,"_hash":null,"_wp_attached_file":null,"_wp_attachment_metadata":null,"_elementor_page_settings":null,"_menu_item_type":null,"_menu_item_menu_item_parent":null,"_menu_item_object_id":null,"_menu_item_object":null,"_menu_item_target":null,"_menu_item_classes":null,"_menu_item_xfn":null,"_menu_item_url":null,"_thumbnail_id":"13416","_wp_old_slug":null,"_oembed_aabfd980ef699725dc5d6ea0f5c5f063":null,"_oembed_time_aabfd980ef699725dc5d6ea0f5c5f063":null,"foxiz_menu_meta":null,"foxiz_user_rating":null,"_wp_attachment_image_alt":null,"ruby_tagline":null,"ruby_live_blog":null,"rank_math_primary_category":null,"_wp_attachment_context":null,"wpml_media_processed":null,"ppmacf_slug":null,"ppmacf_type":null,"ppmacf_field_status":null,"ppmacf_requirement":null,"ppmacf_social_profile":null,"ppmacf_schema_property":null,"ppmacf_rel":null,"ppmacf_target":null,"ppmacf_description":null,"ppmacf_inbuilt":null,"ppma_boxes_layout_meta_value":null,"ppma_disable_author_box":null,"_mc4wp_settings":null,"text_subscribed":null,"text_invalid_email":null,"text_required_field_missing":null,"text_already_subscribed":null,"text_error":null,"text_unsubscribed":null,"text_not_subscribed":null,"text_no_lists_selected":null,"text_updated":null,"text_spam":null,"_pingme":null,"_encloseme":"1","_wp_trash_meta_comments_status":null,"_elementor_page_assets":null,"_elementor_element_cache":null,"_wp_page_template":null,"_elementor_edit_mode":null,"_elementor_template_type":null,"foxiz_content_total_word":null,"_elementor_version":null,"_elementor_data":null,"ppma_authors_name":"Daniel Reyes","rb_global_meta":null,"_elementor_controls_usage":null,"_wp_old_date":null,"ao_post_optimize":null,"rank_math_analytic_object_id":null,"rank_math_og_content_image":null,"_edit_lock":null,"rank_math_seo_score":null,"rank_math_internal_links_processed":null,"_edit_last":null,"_wpml_word_count":"1085","_wpml_location_migration_done":"1","rank_math_focus_keyword":"Garde de soldats canadiens au palais de Buckingham","rank_math_title":null,"rank_math_description":"La garde d'honneur du palais de Buckingham prend un accent canadien alors que 85 soldats d'Edmonton montent la Garde royale. D\u00e9couvrez ce moment historique !","_wpml_media_duplicate":null,"_wpml_media_featured":null,"_top_nav_excluded":null,"_cms_nav_minihome":null,"_last_translation_edit_mode":null,"_elementor_template_widget_type":null,"_elementor_popup_display_settings":null,"_wp_trash_meta_status":null,"_wp_trash_meta_time":null,"_wp_desired_post_slug":null,"_elementor_css":null,"authors":[{"term_id":163,"user_id":4,"is_guest":0,"slug":"daniel-reyes","display_name":"Daniel Reyes","avatar_url":"https:\/\/secure.gravatar.com\/avatar\/8b54ebdd8cb6160a63abf50ae59a3d03?s=96&d=mm&r=g","0":null,"1":"","2":"","3":"","4":"","5":"","6":"","7":"","8":""}],"_links":{"self":[{"href":"https:\/\/www.mediawall.news\/fr\/wp-json\/wp\/v2\/posts\/13418","targetHints":{"allow":["GET"]}}],"collection":[{"href":"https:\/\/www.mediawall.news\/fr\/wp-json\/wp\/v2\/posts"}],"about":[{"href":"https:\/\/www.mediawall.news\/fr\/wp-json\/wp\/v2\/types\/post"}],"author":[{"embeddable":true,"href":"https:\/\/www.mediawall.news\/fr\/wp-json\/wp\/v2\/users\/4"}],"replies":[{"embeddable":true,"href":"https:\/\/www.mediawall.news\/fr\/wp-json\/wp\/v2\/comments?post=13418"}],"version-history":[{"count":0,"href":"https:\/\/www.mediawall.news\/fr\/wp-json\/wp\/v2\/posts\/13418\/revisions"}],"wp:featuredmedia":[{"embeddable":true,"href":"https:\/\/www.mediawall.news\/fr\/wp-json\/wp\/v2\/media\/13416"}],"wp:attachment":[{"href":"https:\/\/www.mediawall.news\/fr\/wp-json\/wp\/v2\/media?parent=13418"}],"wp:term":[{"taxonomy":"category","embeddable":true,"href":"https:\/\/www.mediawall.news\/fr\/wp-json\/wp\/v2\/categories?post=13418"},{"taxonomy":"post_tag","embeddable":true,"href":"https:\/\/www.mediawall.news\/fr\/wp-json\/wp\/v2\/tags?post=13418"},{"taxonomy":"author","embeddable":true,"href":"https:\/\/www.mediawall.news\/fr\/wp-json\/wp\/v2\/ppma_author?post=13418"}],"curies":[{"name":"wp","href":"https:\/\/api.w.org\/{rel}","templated":true}]}}